{"id":17472,"date":"2023-08-04T15:31:37","date_gmt":"2023-08-04T20:31:37","guid":{"rendered":"https:\/\/campeche-noticias.com\/?p=17472"},"modified":"2023-08-04T20:31:39","modified_gmt":"2023-08-04T20:31:39","slug":"mexico-segundo-mercado-clave-fuera-de-eu-american-airlines","status":"publish","type":"post","link":"https:\/\/campeche-noticias.com\/?p=17472","title":{"rendered":"M\u00e9xico, segundo mercado clave fuera de EU: American Airlines"},"content":{"rendered":"<div class=\"jsx-3315747106 \">\n<p>En los \u00faltimos dos a\u00f1os, la aerol\u00ednea estadounidense abri\u00f3 rutas a Loreto y La Paz, aunque el crecimiento m\u00e1s importante fue por agregar frecuencias a sitios de playa como Canc\u00fan y Los Cabos; por el momento, el AIFA no est\u00e1 en sus planes.<\/p>\n<\/div>\n<div class=\"jsx-1921398030 newsbody\">\n<div class=\"jsx-670345696 share fixed\">\n<div class=\"jsx-670345696 \"><\/div>\n<\/div>\n<div class=\"jsx-1921398030\">\n<div class=\"jsx-1020194127\">\n<p class=\"jsx-3954459878\">El vicepresidente de Operaciones y Comercial para M\u00e9xico, el Caribe y Am\u00e9rica Latina de American Airlines, Jos\u00e9 A. Freig, dice con seguridad que M\u00e9xico es el segundo mercado m\u00e1s importante fuera de Estados Unidos con 25 destinos atendidos, un crecimiento ordenado y que en febrero ser\u00e1 la primera aerol\u00ednea en volar entre Tijuana y Phoenix (uno de sus hubs).<\/p>\n<div id=\"espacio_teads\" class=\"jsx-1020194127 adNewChild fi-aic_250\"><\/div>\n<p class=\"jsx-3954459878\">Cifras de la Agencia Federal de Aviaci\u00f3n Civil (AFAC) muestran que es la empresa l\u00edder en vuelos transfronterizos y que durante el primer semestre del a\u00f1o atendi\u00f3 a tres millones 853,275 pasajeros, 50.3% m\u00e1s que igual periodo del prepand\u00e9mico 2019.<\/p>\n<p class=\"jsx-3954459878\">Sobre los efectos de la degradaci\u00f3n a la autoridad aeron\u00e1utica de M\u00e9xico por parte de la FAA, refiere que le gustar\u00eda ver al pa\u00eds en el lugar que merece y que en los \u00faltimos dos a\u00f1os abrieron rutas a Loreto y La Paz, aunque que el crecimiento m\u00e1s importante fue por agregar frecuencias a sitios de playa como Canc\u00fan y Los Cabos.<\/p>\n<blockquote class=\"jsx-2464929417\">\n<p class=\"jsx-3954459878\">En la regi\u00f3n que atiendo, en fechas pico, hay unos 310 vuelos al d\u00eda y solamente en M\u00e9xico pensar\u00eda en unos 110 en la temporada de verano. En el invierno, por ejemplo, por cuestiones de estacionalidad llegaremos a tener unos 40 vuelos diarios con Canc\u00fan y ser\u00e1 nuestro destino m\u00e1s importante a nivel mundial\u201d explica el directivo.<\/p>\n<\/blockquote>\n<p class=\"jsx-3954459878 fi-aic_250\">En el Aeropuerto Internacional de la Ciudad de M\u00e9xico (AICM) conectan con Dallas, Nueva York, Phoenix, Los \u00c1ngeles, Miami y Charlotte. El Aeropuerto Internacional Felipe \u00c1ngeles (AIFA) no est\u00e1 todav\u00eda en el radar.<\/p>\n<p class=\"jsx-3954459878 fi-aic_250\">En entrevista, destaca que el apetito por viajar y combinar con trabajo, sobre todo a los destinos de playa, se mantiene y que esa ha sido una clave en su desarrollo, lo cual se refleja en que atienden dos de las tres rutas de mayor actividad entre M\u00e9xico y EU (Dallas-Canc\u00fan y Chicago-Canc\u00fan) junto con sus competidores.<\/p>\n<p class=\"jsx-3954459878\">Para dimensionar el tama\u00f1o de American Airlines, el ejecutivo sintetiza: es la l\u00ednea a\u00e9rea m\u00e1s grande del mundo con una flota de casi 1,500 aviones, atiende m\u00e1s de 300 destinos a nivel mundial y formamos parte de la alianza One World, la cual permite a sus clientes frecuentes conectar con m\u00e1s de 900 destinos en 170 pa\u00edses donde pueden acceder a cientos de salas VIP de aeropuertos, lo cual es una \u201cgran ventaja\u201d respecto al creciente servicio low cost.<\/p>\n<p class=\"jsx-3954459878 fi-aic_250\">Por la relevancia de sus operaciones en M\u00e9xico, a pesar de la crisis sanitaria, en ning\u00fan momento dejaron de tener actividad, lo que no evit\u00f3 que entraran en complicaciones financieros, como el resto de la industria, aunque tuvieron apoyo gubernamental en su pa\u00eds<\/p>\n<p class=\"jsx-3954459878\">\u201cSeguimos dando las gracias por la ayuda que nos dieron para mantener a nuestros equipos de trabajo porque eso permiti\u00f3 que en el momento que volvi\u00f3 la demanda pudimos crecer r\u00e1pido. Una parte fue directa para mantener las n\u00f3minas y la otra de un pr\u00e9stamo que seguimos cumpliendo en tiempo\u201d, detalla Jos\u00e9 A. Freig desde una sala de juntas de la aerol\u00ednea en la Ciudad de M\u00e9xico, previo a salir de prisa a un nuevo viaje.<\/p>\n<h2 class=\"jsx-1282840227 fi-aic_250\">\u00bfEn 5 a\u00f1os cuantas operaciones m\u00e1s quisieran tener en M\u00e9xico?<\/h2>\n<p class=\"jsx-3954459878\">Las que se puedan. En eso trabajamos ordenadamente.<\/p>\n<\/div>\n<\/div>\n<\/div>\n","protected":false},"excerpt":{"rendered":"<p>En los \u00faltimos dos a\u00f1os, la aerol\u00ednea estadounidense abri\u00f3 rutas a Loreto y La Paz,<\/p>\n","protected":false},"author":1,"featured_media":17474,"comment_status":"open","ping_status":"closed","sticky":false,"template":"","format":"standard","meta":{"footnotes":""},"categories":[4],"tags":[],"class_list":["post-17472","post","type-post","status-publish","format-standard","has-post-thumbnail","hentry","category-nacional"],"yoast_head":"<!-- This site is optimized with the Yoast SEO plugin v27.4 - https:\/\/yoast.com\/product\/yoast-seo-wordpress\/ -->\n<title>M\u00e9xico, segundo mercado clave fuera de EU: American Airlines - Campeche Noticias<\/title>\n<meta name=\"robots\" content=\"index, follow, max-snippet:-1, max-image-preview:large, max-video-preview:-1\" \/>\n<link rel=\"canonical\" href=\"https:\/\/campeche-noticias.com\/?p=17472\" \/>\n<meta property=\"og:locale\" content=\"es_ES\" \/>\n<meta property=\"og:type\" content=\"article\" \/>\n<meta property=\"og:title\" content=\"M\u00e9xico, segundo mercado clave fuera de EU: American Airlines - Campeche Noticias\" \/>\n<meta property=\"og:description\" content=\"En los \u00faltimos dos a\u00f1os, la aerol\u00ednea estadounidense abri\u00f3 rutas a Loreto y La Paz,\" \/>\n<meta property=\"og:url\" content=\"https:\/\/campeche-noticias.com\/?p=17472\" \/>\n<meta property=\"og:site_name\" content=\"Campeche Noticias\" \/>\n<meta property=\"article:published_time\" content=\"2023-08-04T20:31:37+00:00\" \/>\n<meta property=\"article:modified_time\" content=\"2023-08-04T20:31:39+00:00\" \/>\n<meta name=\"author\" content=\"admin\" \/>\n<meta name=\"twitter:card\" content=\"summary_large_image\" \/>\n<meta name=\"twitter:label1\" content=\"Escrito por\" \/>\n\t<meta name=\"twitter:data1\" content=\"admin\" \/>\n\t<meta name=\"twitter:label2\" content=\"Tiempo de lectura\" \/>\n\t<meta name=\"twitter:data2\" content=\"3 minutos\" \/>\n<script type=\"application\/ld+json\" class=\"yoast-schema-graph\">{\"@context\":\"https:\\\/\\\/schema.org\",\"@graph\":[{\"@type\":\"Article\",\"@id\":\"https:\\\/\\\/campeche-noticias.com\\\/?p=17472#article\",\"isPartOf\":{\"@id\":\"https:\\\/\\\/campeche-noticias.com\\\/?p=17472\"},\"author\":{\"name\":\"admin\",\"@id\":\"https:\\\/\\\/campeche-noticias.com\\\/#\\\/schema\\\/person\\\/7940c228049cff34b4cc679f887362f1\"},\"headline\":\"M\u00e9xico, segundo mercado clave fuera de EU: American Airlines\",\"datePublished\":\"2023-08-04T20:31:37+00:00\",\"dateModified\":\"2023-08-04T20:31:39+00:00\",\"mainEntityOfPage\":{\"@id\":\"https:\\\/\\\/campeche-noticias.com\\\/?p=17472\"},\"wordCount\":616,\"commentCount\":0,\"image\":{\"@id\":\"https:\\\/\\\/campeche-noticias.com\\\/?p=17472#primaryimage\"},\"thumbnailUrl\":\"https:\\\/\\\/campeche-noticias.com\\\/wp-content\\\/uploads\\\/2023\\\/08\\\/WhatsApp-Image-2023-08-04-at-3.31.12-PM.jpeg\",\"articleSection\":[\"Nacional\"],\"inLanguage\":\"es\",\"potentialAction\":[{\"@type\":\"CommentAction\",\"name\":\"Comment\",\"target\":[\"https:\\\/\\\/campeche-noticias.com\\\/?p=17472#respond\"]}]},{\"@type\":\"WebPage\",\"@id\":\"https:\\\/\\\/campeche-noticias.com\\\/?p=17472\",\"url\":\"https:\\\/\\\/campeche-noticias.com\\\/?p=17472\",\"name\":\"M\u00e9xico, segundo mercado clave fuera de EU: American Airlines - Campeche Noticias\",\"isPartOf\":{\"@id\":\"https:\\\/\\\/campeche-noticias.com\\\/#website\"},\"primaryImageOfPage\":{\"@id\":\"https:\\\/\\\/campeche-noticias.com\\\/?p=17472#primaryimage\"},\"image\":{\"@id\":\"https:\\\/\\\/campeche-noticias.com\\\/?p=17472#primaryimage\"},\"thumbnailUrl\":\"https:\\\/\\\/campeche-noticias.com\\\/wp-content\\\/uploads\\\/2023\\\/08\\\/WhatsApp-Image-2023-08-04-at-3.31.12-PM.jpeg\",\"datePublished\":\"2023-08-04T20:31:37+00:00\",\"dateModified\":\"2023-08-04T20:31:39+00:00\",\"author\":{\"@id\":\"https:\\\/\\\/campeche-noticias.com\\\/#\\\/schema\\\/person\\\/7940c228049cff34b4cc679f887362f1\"},\"breadcrumb\":{\"@id\":\"https:\\\/\\\/campeche-noticias.com\\\/?p=17472#breadcrumb\"},\"inLanguage\":\"es\",\"potentialAction\":[{\"@type\":\"ReadAction\",\"target\":[\"https:\\\/\\\/campeche-noticias.com\\\/?p=17472\"]}]},{\"@type\":\"ImageObject\",\"inLanguage\":\"es\",\"@id\":\"https:\\\/\\\/campeche-noticias.com\\\/?p=17472#primaryimage\",\"url\":\"https:\\\/\\\/campeche-noticias.com\\\/wp-content\\\/uploads\\\/2023\\\/08\\\/WhatsApp-Image-2023-08-04-at-3.31.12-PM.jpeg\",\"contentUrl\":\"https:\\\/\\\/campeche-noticias.com\\\/wp-content\\\/uploads\\\/2023\\\/08\\\/WhatsApp-Image-2023-08-04-at-3.31.12-PM.jpeg\",\"width\":804,\"height\":499},{\"@type\":\"BreadcrumbList\",\"@id\":\"https:\\\/\\\/campeche-noticias.com\\\/?p=17472#breadcrumb\",\"itemListElement\":[{\"@type\":\"ListItem\",\"position\":1,\"name\":\"Portada\",\"item\":\"https:\\\/\\\/campeche-noticias.com\\\/\"},{\"@type\":\"ListItem\",\"position\":2,\"name\":\"M\u00e9xico, segundo mercado clave fuera de EU: American Airlines\"}]},{\"@type\":\"WebSite\",\"@id\":\"https:\\\/\\\/campeche-noticias.com\\\/#website\",\"url\":\"https:\\\/\\\/campeche-noticias.com\\\/\",\"name\":\"Campeche Noticias\",\"description\":\"Campeche Noticias\",\"potentialAction\":[{\"@type\":\"SearchAction\",\"target\":{\"@type\":\"EntryPoint\",\"urlTemplate\":\"https:\\\/\\\/campeche-noticias.com\\\/?s={search_term_string}\"},\"query-input\":{\"@type\":\"PropertyValueSpecification\",\"valueRequired\":true,\"valueName\":\"search_term_string\"}}],\"inLanguage\":\"es\"},{\"@type\":\"Person\",\"@id\":\"https:\\\/\\\/campeche-noticias.com\\\/#\\\/schema\\\/person\\\/7940c228049cff34b4cc679f887362f1\",\"name\":\"admin\",\"sameAs\":[\"https:\\\/\\\/campeche-noticias.com\"],\"url\":\"https:\\\/\\\/campeche-noticias.com\\\/?author=1\"}]}<\/script>\n<!-- \/ Yoast SEO plugin. -->","yoast_head_json":{"title":"M\u00e9xico, segundo mercado clave fuera de EU: American Airlines - Campeche Noticias","robots":{"index":"index","follow":"follow","max-snippet":"max-snippet:-1","max-image-preview":"max-image-preview:large","max-video-preview":"max-video-preview:-1"},"canonical":"https:\/\/campeche-noticias.com\/?p=17472","og_locale":"es_ES","og_type":"article","og_title":"M\u00e9xico, segundo mercado clave fuera de EU: American Airlines - Campeche Noticias","og_description":"En los \u00faltimos dos a\u00f1os, la aerol\u00ednea estadounidense abri\u00f3 rutas a Loreto y La Paz,","og_url":"https:\/\/campeche-noticias.com\/?p=17472","og_site_name":"Campeche Noticias","article_published_time":"2023-08-04T20:31:37+00:00","article_modified_time":"2023-08-04T20:31:39+00:00","author":"admin","twitter_card":"summary_large_image","twitter_misc":{"Escrito por":"admin","Tiempo de lectura":"3 minutos"},"schema":{"@context":"https:\/\/schema.org","@graph":[{"@type":"Article","@id":"https:\/\/campeche-noticias.com\/?p=17472#article","isPartOf":{"@id":"https:\/\/campeche-noticias.com\/?p=17472"},"author":{"name":"admin","@id":"https:\/\/campeche-noticias.com\/#\/schema\/person\/7940c228049cff34b4cc679f887362f1"},"headline":"M\u00e9xico, segundo mercado clave fuera de EU: American Airlines","datePublished":"2023-08-04T20:31:37+00:00","dateModified":"2023-08-04T20:31:39+00:00","mainEntityOfPage":{"@id":"https:\/\/campeche-noticias.com\/?p=17472"},"wordCount":616,"commentCount":0,"image":{"@id":"https:\/\/campeche-noticias.com\/?p=17472#primaryimage"},"thumbnailUrl":"https:\/\/campeche-noticias.com\/wp-content\/uploads\/2023\/08\/WhatsApp-Image-2023-08-04-at-3.31.12-PM.jpeg","articleSection":["Nacional"],"inLanguage":"es","potentialAction":[{"@type":"CommentAction","name":"Comment","target":["https:\/\/campeche-noticias.com\/?p=17472#respond"]}]},{"@type":"WebPage","@id":"https:\/\/campeche-noticias.com\/?p=17472","url":"https:\/\/campeche-noticias.com\/?p=17472","name":"M\u00e9xico, segundo mercado clave fuera de EU: American Airlines - Campeche Noticias","isPartOf":{"@id":"https:\/\/campeche-noticias.com\/#website"},"primaryImageOfPage":{"@id":"https:\/\/campeche-noticias.com\/?p=17472#primaryimage"},"image":{"@id":"https:\/\/campeche-noticias.com\/?p=17472#primaryimage"},"thumbnailUrl":"https:\/\/campeche-noticias.com\/wp-content\/uploads\/2023\/08\/WhatsApp-Image-2023-08-04-at-3.31.12-PM.jpeg","datePublished":"2023-08-04T20:31:37+00:00","dateModified":"2023-08-04T20:31:39+00:00","author":{"@id":"https:\/\/campeche-noticias.com\/#\/schema\/person\/7940c228049cff34b4cc679f887362f1"},"breadcrumb":{"@id":"https:\/\/campeche-noticias.com\/?p=17472#breadcrumb"},"inLanguage":"es","potentialAction":[{"@type":"ReadAction","target":["https:\/\/campeche-noticias.com\/?p=17472"]}]},{"@type":"ImageObject","inLanguage":"es","@id":"https:\/\/campeche-noticias.com\/?p=17472#primaryimage","url":"https:\/\/campeche-noticias.com\/wp-content\/uploads\/2023\/08\/WhatsApp-Image-2023-08-04-at-3.31.12-PM.jpeg","contentUrl":"https:\/\/campeche-noticias.com\/wp-content\/uploads\/2023\/08\/WhatsApp-Image-2023-08-04-at-3.31.12-PM.jpeg","width":804,"height":499},{"@type":"BreadcrumbList","@id":"https:\/\/campeche-noticias.com\/?p=17472#breadcrumb","itemListElement":[{"@type":"ListItem","position":1,"name":"Portada","item":"https:\/\/campeche-noticias.com\/"},{"@type":"ListItem","position":2,"name":"M\u00e9xico, segundo mercado clave fuera de EU: American Airlines"}]},{"@type":"WebSite","@id":"https:\/\/campeche-noticias.com\/#website","url":"https:\/\/campeche-noticias.com\/","name":"Campeche Noticias","description":"Campeche Noticias","potentialAction":[{"@type":"SearchAction","target":{"@type":"EntryPoint","urlTemplate":"https:\/\/campeche-noticias.com\/?s={search_term_string}"},"query-input":{"@type":"PropertyValueSpecification","valueRequired":true,"valueName":"search_term_string"}}],"inLanguage":"es"},{"@type":"Person","@id":"https:\/\/campeche-noticias.com\/#\/schema\/person\/7940c228049cff34b4cc679f887362f1","name":"admin","sameAs":["https:\/\/campeche-noticias.com"],"url":"https:\/\/campeche-noticias.com\/?author=1"}]}},"_links":{"self":[{"href":"https:\/\/campeche-noticias.com\/index.php?rest_route=\/wp\/v2\/posts\/17472","targetHints":{"allow":["GET"]}}],"collection":[{"href":"https:\/\/campeche-noticias.com\/index.php?rest_route=\/wp\/v2\/posts"}],"about":[{"href":"https:\/\/campeche-noticias.com\/index.php?rest_route=\/wp\/v2\/types\/post"}],"author":[{"embeddable":true,"href":"https:\/\/campeche-noticias.com\/index.php?rest_route=\/wp\/v2\/users\/1"}],"replies":[{"embeddable":true,"href":"https:\/\/campeche-noticias.com\/index.php?rest_route=%2Fwp%2Fv2%2Fcomments&post=17472"}],"version-history":[{"count":1,"href":"https:\/\/campeche-noticias.com\/index.php?rest_route=\/wp\/v2\/posts\/17472\/revisions"}],"predecessor-version":[{"id":17473,"href":"https:\/\/campeche-noticias.com\/index.php?rest_route=\/wp\/v2\/posts\/17472\/revisions\/17473"}],"wp:featuredmedia":[{"embeddable":true,"href":"https:\/\/campeche-noticias.com\/index.php?rest_route=\/wp\/v2\/media\/17474"}],"wp:attachment":[{"href":"https:\/\/campeche-noticias.com\/index.php?rest_route=%2Fwp%2Fv2%2Fmedia&parent=17472"}],"wp:term":[{"taxonomy":"category","embeddable":true,"href":"https:\/\/campeche-noticias.com\/index.php?rest_route=%2Fwp%2Fv2%2Fcategories&post=17472"},{"taxonomy":"post_tag","embeddable":true,"href":"https:\/\/campeche-noticias.com\/index.php?rest_route=%2Fwp%2Fv2%2Ftags&post=17472"}],"curies":[{"name":"wp","href":"https:\/\/api.w.org\/{rel}","templated":true}]}}