{"id":17469,"date":"2023-08-03T15:33:45","date_gmt":"2023-08-03T20:33:45","guid":{"rendered":"https:\/\/campeche-noticias.com\/?p=17469"},"modified":"2023-08-03T20:33:47","modified_gmt":"2023-08-03T20:33:47","slug":"inflacion-de-alimentos-en-mexico-es-la-sexta-mas-baja-entre-paises-de-la-ocde","status":"publish","type":"post","link":"https:\/\/campeche-noticias.com\/?p=17469","title":{"rendered":"Inflaci\u00f3n de alimentos en M\u00e9xico es la sexta m\u00e1s baja entre pa\u00edses de la OCDE"},"content":{"rendered":"<div class=\"row\">\n<div class=\"col-sm-xl-12 layout-section wrap-bottom\">\n<h4 class=\"primary-font__PrimaryFontStyles-o56yd5-0 heuGTu h4-primary sub-headline\" style=\"text-align: center;\">La inflaci\u00f3n de alimentos de la OCDE en conjunto se desaceler\u00f3 a 10.1 por ciento en junio.<\/h4>\n<div class=\"default__StyledDiv-cj38t1-0 gCPfDm share-bar\">\n<p class=\"default__StyledText-kkhi2r-0 cGAawy body-paragraph\">La\u00a0inflaci\u00f3n en M\u00e9xico\u00a0en junio, que se ubic\u00f3 en 5.1 por ciento, estuvo debajo de la media de los pa\u00edses de la Organizaci\u00f3n para la Cooperaci\u00f3n y Desarrollo Econ\u00f3mico (OCDE), de 5.7 por ciento, igualando la trayectoria descendente tanto en los<b>\u00a0precios de energ\u00e9ticos<\/b>\u00a0como de los\u00a0<b>alimentos\u00a0<\/b>en donde alcanz\u00f3 el sexto nivel m\u00e1s bajo entre las 38 econom\u00edas miembro del organismo.<\/p>\n<p class=\"default__StyledText-kkhi2r-0 cGAawy body-paragraph\">La\u00a0<b>inflaci\u00f3n en alimentos<\/b>\u00a0baj\u00f3 a 7.7 por ciento desde 9.1 por ciento y se ubic\u00f3 como la sexta m\u00e1s baja entre los pa\u00edses de la OCDE, debajo de\u00a0Costa Rica, Corea, Israel,\u00a0Estados Unidos\u00a0y Suiza, en donde se ubic\u00f3 en junio en 3.8, 4.2, 4.3, 4.6 y 5.1 por ciento, respectivamente. La<b>\u00a0inflaci\u00f3n de alimentos de la OCDE\u00a0<\/b>en conjunto se desaceler\u00f3 a 10.1 por ciento desde 10.9 por ciento en mayo, 26 pa\u00edses todav\u00eda la ubicaron arriba del 10 por ciento, seg\u00fan las estad\u00edsticas del organismo.<\/p>\n<div id=\"arcad-feature-7610\" class=\"default__StyledAdUnit-ijbiyl-0 bWigPu arcad-feature margin-md-bottom \">\n<div id=\"\" class=\"arcad-container\">\n<div id=\"lazy_3\">\n<div id=\"inread_oop\" class=\"arcad ad-1x1\" data-google-query-id=\"CP3r3-2qwYADFYWnWgUdwb4KUw\">\n<div id=\"google_ads_iframe_\/77835600\/ElFinanciero__internas\/inread_oop_0__container__\"><\/div>\n<\/div>\n<\/div>\n<\/div>\n<\/div>\n<p class=\"default__StyledText-kkhi2r-0 cGAawy body-paragraph\">El \u00edndice Nacional de Precios al Consumidor (INPC) en M\u00e9xico disminuy\u00f3 en junio a 5.1 por ciento desde 5.8 por ciento en mayo y comparado con el mismo mes del 2022 se ubic\u00f3 2.9 puntos porcentuales debajo.<\/p>\n<p class=\"default__StyledText-kkhi2r-0 cGAawy body-paragraph\">La\u00a0inflaci\u00f3n\u00a0de la energ\u00eda en la OCDE continu\u00f3 a la baja en junio, alcanzando el -9.6 por ciento despu\u00e9s del -5.2 por ciento en mayo. Fue negativo en 27 pa\u00edses de la OCDE, a\u00fan se mantuvo por encima del 10 por ciento en Hungr\u00eda, Colombia y la Rep\u00fablica Checa. En M\u00e9xico baj\u00f3 a -6.8 por ciento comparado con -5.3 por ciento en mayo.<\/p>\n<p class=\"default__StyledText-kkhi2r-0 cGAawy body-paragraph\">La\u00a0<b>inflaci\u00f3n\u00a0<\/b>entre los pa\u00edses de la OCDE\u00a0<b>continu\u00f3 en desaceleraci\u00f3n<\/b>\u00a0a 5.7 por ciento en junio desde 6.5 por ciento en mayo, muy por debajo del 9.6 por ciento reportada en igual mes del 2022, pero todav\u00eda superior al promedio de 4 por ciento del 2021. Comparado a\u00f1o con a\u00f1o, la inflaci\u00f3n en junio disminuy\u00f3 en todos los pa\u00edses de la OCDE, excepto en Alemania y Jap\u00f3n; el n\u00famero de pa\u00edses que registraron tasas de dos d\u00edgitos baj\u00f3 a cinco desde nueve en mayo.<\/p>\n<\/div>\n<\/div>\n<\/div>\n<div>\n<div><\/div>\n<\/div>\n","protected":false},"excerpt":{"rendered":"<p>La inflaci\u00f3n de alimentos de la OCDE en conjunto se desaceler\u00f3 a 10.1 por ciento<\/p>\n","protected":false},"author":1,"featured_media":17471,"comment_status":"open","ping_status":"closed","sticky":false,"template":"","format":"standard","meta":{"footnotes":""},"categories":[4],"tags":[],"class_list":["post-17469","post","type-post","status-publish","format-standard","has-post-thumbnail","hentry","category-nacional"],"yoast_head":"<!-- This site is optimized with the Yoast SEO plugin v27.4 - https:\/\/yoast.com\/product\/yoast-seo-wordpress\/ -->\n<title>Inflaci\u00f3n de alimentos en M\u00e9xico es la sexta m\u00e1s baja entre pa\u00edses de la OCDE - Campeche Noticias<\/title>\n<meta name=\"robots\" content=\"index, follow, max-snippet:-1, max-image-preview:large, max-video-preview:-1\" \/>\n<link rel=\"canonical\" href=\"https:\/\/campeche-noticias.com\/?p=17469\" \/>\n<meta property=\"og:locale\" content=\"es_ES\" \/>\n<meta property=\"og:type\" content=\"article\" \/>\n<meta property=\"og:title\" content=\"Inflaci\u00f3n de alimentos en M\u00e9xico es la sexta m\u00e1s baja entre pa\u00edses de la OCDE - Campeche Noticias\" \/>\n<meta property=\"og:description\" content=\"La inflaci\u00f3n de alimentos de la OCDE en conjunto se desaceler\u00f3 a 10.1 por ciento\" \/>\n<meta property=\"og:url\" content=\"https:\/\/campeche-noticias.com\/?p=17469\" \/>\n<meta property=\"og:site_name\" content=\"Campeche Noticias\" \/>\n<meta property=\"article:published_time\" content=\"2023-08-03T20:33:45+00:00\" \/>\n<meta property=\"article:modified_time\" content=\"2023-08-03T20:33:47+00:00\" \/>\n<meta name=\"author\" content=\"admin\" \/>\n<meta name=\"twitter:card\" content=\"summary_large_image\" \/>\n<meta name=\"twitter:label1\" content=\"Escrito por\" \/>\n\t<meta name=\"twitter:data1\" content=\"admin\" \/>\n\t<meta name=\"twitter:label2\" content=\"Tiempo de lectura\" \/>\n\t<meta name=\"twitter:data2\" content=\"2 minutos\" \/>\n<script type=\"application\/ld+json\" class=\"yoast-schema-graph\">{\"@context\":\"https:\\\/\\\/schema.org\",\"@graph\":[{\"@type\":\"Article\",\"@id\":\"https:\\\/\\\/campeche-noticias.com\\\/?p=17469#article\",\"isPartOf\":{\"@id\":\"https:\\\/\\\/campeche-noticias.com\\\/?p=17469\"},\"author\":{\"name\":\"admin\",\"@id\":\"https:\\\/\\\/campeche-noticias.com\\\/#\\\/schema\\\/person\\\/7940c228049cff34b4cc679f887362f1\"},\"headline\":\"Inflaci\u00f3n de alimentos en M\u00e9xico es la sexta m\u00e1s baja entre pa\u00edses de la OCDE\",\"datePublished\":\"2023-08-03T20:33:45+00:00\",\"dateModified\":\"2023-08-03T20:33:47+00:00\",\"mainEntityOfPage\":{\"@id\":\"https:\\\/\\\/campeche-noticias.com\\\/?p=17469\"},\"wordCount\":387,\"commentCount\":0,\"image\":{\"@id\":\"https:\\\/\\\/campeche-noticias.com\\\/?p=17469#primaryimage\"},\"thumbnailUrl\":\"https:\\\/\\\/campeche-noticias.com\\\/wp-content\\\/uploads\\\/2023\\\/08\\\/WhatsApp-Image-2023-08-03-at-3.33.29-PM.jpeg\",\"articleSection\":[\"Nacional\"],\"inLanguage\":\"es\",\"potentialAction\":[{\"@type\":\"CommentAction\",\"name\":\"Comment\",\"target\":[\"https:\\\/\\\/campeche-noticias.com\\\/?p=17469#respond\"]}]},{\"@type\":\"WebPage\",\"@id\":\"https:\\\/\\\/campeche-noticias.com\\\/?p=17469\",\"url\":\"https:\\\/\\\/campeche-noticias.com\\\/?p=17469\",\"name\":\"Inflaci\u00f3n de alimentos en M\u00e9xico es la sexta m\u00e1s baja entre pa\u00edses de la OCDE - Campeche Noticias\",\"isPartOf\":{\"@id\":\"https:\\\/\\\/campeche-noticias.com\\\/#website\"},\"primaryImageOfPage\":{\"@id\":\"https:\\\/\\\/campeche-noticias.com\\\/?p=17469#primaryimage\"},\"image\":{\"@id\":\"https:\\\/\\\/campeche-noticias.com\\\/?p=17469#primaryimage\"},\"thumbnailUrl\":\"https:\\\/\\\/campeche-noticias.com\\\/wp-content\\\/uploads\\\/2023\\\/08\\\/WhatsApp-Image-2023-08-03-at-3.33.29-PM.jpeg\",\"datePublished\":\"2023-08-03T20:33:45+00:00\",\"dateModified\":\"2023-08-03T20:33:47+00:00\",\"author\":{\"@id\":\"https:\\\/\\\/campeche-noticias.com\\\/#\\\/schema\\\/person\\\/7940c228049cff34b4cc679f887362f1\"},\"breadcrumb\":{\"@id\":\"https:\\\/\\\/campeche-noticias.com\\\/?p=17469#breadcrumb\"},\"inLanguage\":\"es\",\"potentialAction\":[{\"@type\":\"ReadAction\",\"target\":[\"https:\\\/\\\/campeche-noticias.com\\\/?p=17469\"]}]},{\"@type\":\"ImageObject\",\"inLanguage\":\"es\",\"@id\":\"https:\\\/\\\/campeche-noticias.com\\\/?p=17469#primaryimage\",\"url\":\"https:\\\/\\\/campeche-noticias.com\\\/wp-content\\\/uploads\\\/2023\\\/08\\\/WhatsApp-Image-2023-08-03-at-3.33.29-PM.jpeg\",\"contentUrl\":\"https:\\\/\\\/campeche-noticias.com\\\/wp-content\\\/uploads\\\/2023\\\/08\\\/WhatsApp-Image-2023-08-03-at-3.33.29-PM.jpeg\",\"width\":712,\"height\":499},{\"@type\":\"BreadcrumbList\",\"@id\":\"https:\\\/\\\/campeche-noticias.com\\\/?p=17469#breadcrumb\",\"itemListElement\":[{\"@type\":\"ListItem\",\"position\":1,\"name\":\"Portada\",\"item\":\"https:\\\/\\\/campeche-noticias.com\\\/\"},{\"@type\":\"ListItem\",\"position\":2,\"name\":\"Inflaci\u00f3n de alimentos en M\u00e9xico es la sexta m\u00e1s baja entre pa\u00edses de la OCDE\"}]},{\"@type\":\"WebSite\",\"@id\":\"https:\\\/\\\/campeche-noticias.com\\\/#website\",\"url\":\"https:\\\/\\\/campeche-noticias.com\\\/\",\"name\":\"Campeche Noticias\",\"description\":\"Campeche Noticias\",\"potentialAction\":[{\"@type\":\"SearchAction\",\"target\":{\"@type\":\"EntryPoint\",\"urlTemplate\":\"https:\\\/\\\/campeche-noticias.com\\\/?s={search_term_string}\"},\"query-input\":{\"@type\":\"PropertyValueSpecification\",\"valueRequired\":true,\"valueName\":\"search_term_string\"}}],\"inLanguage\":\"es\"},{\"@type\":\"Person\",\"@id\":\"https:\\\/\\\/campeche-noticias.com\\\/#\\\/schema\\\/person\\\/7940c228049cff34b4cc679f887362f1\",\"name\":\"admin\",\"sameAs\":[\"https:\\\/\\\/campeche-noticias.com\"],\"url\":\"https:\\\/\\\/campeche-noticias.com\\\/?author=1\"}]}<\/script>\n<!-- \/ Yoast SEO plugin. -->","yoast_head_json":{"title":"Inflaci\u00f3n de alimentos en M\u00e9xico es la sexta m\u00e1s baja entre pa\u00edses de la OCDE - Campeche Noticias","robots":{"index":"index","follow":"follow","max-snippet":"max-snippet:-1","max-image-preview":"max-image-preview:large","max-video-preview":"max-video-preview:-1"},"canonical":"https:\/\/campeche-noticias.com\/?p=17469","og_locale":"es_ES","og_type":"article","og_title":"Inflaci\u00f3n de alimentos en M\u00e9xico es la sexta m\u00e1s baja entre pa\u00edses de la OCDE - Campeche Noticias","og_description":"La inflaci\u00f3n de alimentos de la OCDE en conjunto se desaceler\u00f3 a 10.1 por ciento","og_url":"https:\/\/campeche-noticias.com\/?p=17469","og_site_name":"Campeche Noticias","article_published_time":"2023-08-03T20:33:45+00:00","article_modified_time":"2023-08-03T20:33:47+00:00","author":"admin","twitter_card":"summary_large_image","twitter_misc":{"Escrito por":"admin","Tiempo de lectura":"2 minutos"},"schema":{"@context":"https:\/\/schema.org","@graph":[{"@type":"Article","@id":"https:\/\/campeche-noticias.com\/?p=17469#article","isPartOf":{"@id":"https:\/\/campeche-noticias.com\/?p=17469"},"author":{"name":"admin","@id":"https:\/\/campeche-noticias.com\/#\/schema\/person\/7940c228049cff34b4cc679f887362f1"},"headline":"Inflaci\u00f3n de alimentos en M\u00e9xico es la sexta m\u00e1s baja entre pa\u00edses de la OCDE","datePublished":"2023-08-03T20:33:45+00:00","dateModified":"2023-08-03T20:33:47+00:00","mainEntityOfPage":{"@id":"https:\/\/campeche-noticias.com\/?p=17469"},"wordCount":387,"commentCount":0,"image":{"@id":"https:\/\/campeche-noticias.com\/?p=17469#primaryimage"},"thumbnailUrl":"https:\/\/campeche-noticias.com\/wp-content\/uploads\/2023\/08\/WhatsApp-Image-2023-08-03-at-3.33.29-PM.jpeg","articleSection":["Nacional"],"inLanguage":"es","potentialAction":[{"@type":"CommentAction","name":"Comment","target":["https:\/\/campeche-noticias.com\/?p=17469#respond"]}]},{"@type":"WebPage","@id":"https:\/\/campeche-noticias.com\/?p=17469","url":"https:\/\/campeche-noticias.com\/?p=17469","name":"Inflaci\u00f3n de alimentos en M\u00e9xico es la sexta m\u00e1s baja entre pa\u00edses de la OCDE - Campeche Noticias","isPartOf":{"@id":"https:\/\/campeche-noticias.com\/#website"},"primaryImageOfPage":{"@id":"https:\/\/campeche-noticias.com\/?p=17469#primaryimage"},"image":{"@id":"https:\/\/campeche-noticias.com\/?p=17469#primaryimage"},"thumbnailUrl":"https:\/\/campeche-noticias.com\/wp-content\/uploads\/2023\/08\/WhatsApp-Image-2023-08-03-at-3.33.29-PM.jpeg","datePublished":"2023-08-03T20:33:45+00:00","dateModified":"2023-08-03T20:33:47+00:00","author":{"@id":"https:\/\/campeche-noticias.com\/#\/schema\/person\/7940c228049cff34b4cc679f887362f1"},"breadcrumb":{"@id":"https:\/\/campeche-noticias.com\/?p=17469#breadcrumb"},"inLanguage":"es","potentialAction":[{"@type":"ReadAction","target":["https:\/\/campeche-noticias.com\/?p=17469"]}]},{"@type":"ImageObject","inLanguage":"es","@id":"https:\/\/campeche-noticias.com\/?p=17469#primaryimage","url":"https:\/\/campeche-noticias.com\/wp-content\/uploads\/2023\/08\/WhatsApp-Image-2023-08-03-at-3.33.29-PM.jpeg","contentUrl":"https:\/\/campeche-noticias.com\/wp-content\/uploads\/2023\/08\/WhatsApp-Image-2023-08-03-at-3.33.29-PM.jpeg","width":712,"height":499},{"@type":"BreadcrumbList","@id":"https:\/\/campeche-noticias.com\/?p=17469#breadcrumb","itemListElement":[{"@type":"ListItem","position":1,"name":"Portada","item":"https:\/\/campeche-noticias.com\/"},{"@type":"ListItem","position":2,"name":"Inflaci\u00f3n de alimentos en M\u00e9xico es la sexta m\u00e1s baja entre pa\u00edses de la OCDE"}]},{"@type":"WebSite","@id":"https:\/\/campeche-noticias.com\/#website","url":"https:\/\/campeche-noticias.com\/","name":"Campeche Noticias","description":"Campeche Noticias","potentialAction":[{"@type":"SearchAction","target":{"@type":"EntryPoint","urlTemplate":"https:\/\/campeche-noticias.com\/?s={search_term_string}"},"query-input":{"@type":"PropertyValueSpecification","valueRequired":true,"valueName":"search_term_string"}}],"inLanguage":"es"},{"@type":"Person","@id":"https:\/\/campeche-noticias.com\/#\/schema\/person\/7940c228049cff34b4cc679f887362f1","name":"admin","sameAs":["https:\/\/campeche-noticias.com"],"url":"https:\/\/campeche-noticias.com\/?author=1"}]}},"_links":{"self":[{"href":"https:\/\/campeche-noticias.com\/index.php?rest_route=\/wp\/v2\/posts\/17469","targetHints":{"allow":["GET"]}}],"collection":[{"href":"https:\/\/campeche-noticias.com\/index.php?rest_route=\/wp\/v2\/posts"}],"about":[{"href":"https:\/\/campeche-noticias.com\/index.php?rest_route=\/wp\/v2\/types\/post"}],"author":[{"embeddable":true,"href":"https:\/\/campeche-noticias.com\/index.php?rest_route=\/wp\/v2\/users\/1"}],"replies":[{"embeddable":true,"href":"https:\/\/campeche-noticias.com\/index.php?rest_route=%2Fwp%2Fv2%2Fcomments&post=17469"}],"version-history":[{"count":1,"href":"https:\/\/campeche-noticias.com\/index.php?rest_route=\/wp\/v2\/posts\/17469\/revisions"}],"predecessor-version":[{"id":17470,"href":"https:\/\/campeche-noticias.com\/index.php?rest_route=\/wp\/v2\/posts\/17469\/revisions\/17470"}],"wp:featuredmedia":[{"embeddable":true,"href":"https:\/\/campeche-noticias.com\/index.php?rest_route=\/wp\/v2\/media\/17471"}],"wp:attachment":[{"href":"https:\/\/campeche-noticias.com\/index.php?rest_route=%2Fwp%2Fv2%2Fmedia&parent=17469"}],"wp:term":[{"taxonomy":"category","embeddable":true,"href":"https:\/\/campeche-noticias.com\/index.php?rest_route=%2Fwp%2Fv2%2Fcategories&post=17469"},{"taxonomy":"post_tag","embeddable":true,"href":"https:\/\/campeche-noticias.com\/index.php?rest_route=%2Fwp%2Fv2%2Ftags&post=17469"}],"curies":[{"name":"wp","href":"https:\/\/api.w.org\/{rel}","templated":true}]}}