{"id":17466,"date":"2023-08-03T15:23:09","date_gmt":"2023-08-03T20:23:09","guid":{"rendered":"https:\/\/campeche-noticias.com\/?p=17466"},"modified":"2023-08-03T20:23:11","modified_gmt":"2023-08-03T20:23:11","slug":"mexico-sin-politica-efectiva-para-garantizar-equidad-a-las-personas-con-discapacidad","status":"publish","type":"post","link":"https:\/\/campeche-noticias.com\/?p=17466","title":{"rendered":"M\u00e9xico, sin pol\u00edtica efectiva para garantizar equidad a las personas con discapacidad"},"content":{"rendered":"<div class=\"field field-name-field-sinopsis field-type-text field-label-hidden\">\n<div class=\"field-items\">\n<div class=\"field-item even\">Especialista del CUCSH propone la creaci\u00f3n de gu\u00edas y protocolos para permitir que esta poblaci\u00f3n pueda ejercer sus derechos de manera cotidiana<\/div>\n<\/div>\n<\/div>\n<div class=\"field field-name-field-cuerpo field-type-text-with-summary field-label-hidden\">\n<div class=\"field-items\">\n<div class=\"field-item even\">\n<p>La legislaci\u00f3n del Estado mexicano y las de sus entidades est\u00e1n desfasadas con el marco jur\u00eddico internacional respecto a la protecci\u00f3n de las personas con discapacidad y en asegurar que sus derechos sean cumplidos todos los d\u00edas, afirm\u00f3 la acad\u00e9mica del Centro Universitario de Ciencias Sociales y Humanidades (CUCSH) de la UdeG, maestra Irma Ramos Salcedo.<\/p>\n<p>\u201cQue se cumplan las obligaciones de car\u00e1cter internacional porque no se han armonizado las legislaciones internas en muchas materias; pero sobre todo en lo relacionado con las personas con discapacidad. Desde 2006 hay una serie de obligaciones, de directrices y todav\u00eda vamos como en pa\u00f1ales, porque s\u00ed, ya tenemos, ya empezamos a trabajar la cuesti\u00f3n de la sensibilizaci\u00f3n y la cultura, pero no una cuesti\u00f3n fundamental como ese reconocimiento como persona con ciertas barreras\u201d, declar\u00f3.<\/p>\n<p>La investigadora del Departamento de Derecho Internacional afirm\u00f3 que las estrategias para facilitar la equidad para las personas discapacitadas se han quedado en la creaci\u00f3n de rampas o la adecuaci\u00f3n de espacios f\u00edsicos, o en campa\u00f1as de sensibilizaci\u00f3n hacia la poblaci\u00f3n en general, pero no han profundizado en pol\u00edticas que faciliten su acceso a la justicia.<\/p>\n<p>\u201cCreemos que con ponerles una rampa ya hemos cumplido, y no. La intenci\u00f3n es que se les reconozca y se incorpore a la legislaci\u00f3n una normativa espec\u00edfica que los coloque en una cuesti\u00f3n de igualdad ante el acceso a la justicia, Todos estos principios que se han generado desde el \u00e1mbito internacional son precisamente para promover, proteger y asegurarle a una persona con discapacidad el pleno goce de todos sus derechos, y uno de \u00e9stos es el acceso a la justicia y a cuestiones administrativas b\u00e1sicas\u201d, subray\u00f3 Ramos Salcedo.<\/p>\n<p>La especialista realiz\u00f3 la investigaci\u00f3n \u201cProgresividad y acceso a la justicia para personas con discapacidad\u201d acerca de este tema, y explic\u00f3 que el acceso a la justicia para las personas no se limita a los aspectos legales o jurisdiccionales como pueden ser lo penal, lo civil y lo familiar, sino que tambi\u00e9n tiene que ver con c\u00f3mo un Estado desarrolla instrumentos para facilitar la igualdad de condiciones para que la ciudadan\u00eda disfrute de todos estos derechos.<\/p>\n<p>Recalc\u00f3 que M\u00e9xico, como todos los Estados que firman o son parte de instrumentos internacionales como la Declaraci\u00f3n Universal de los Derechos Humanos, se compromete a respetar, proteger y promover los derechos humanos, por lo que debe abstenerse de restringirlos o de interferir en su realizaci\u00f3n y, por el contrario, generar pol\u00edticas en las que todas las personas con cualquier tipo de discapacidad puedan ejercer sus derechos.<\/p>\n<p>\u201cLa ley no es efectiva cuando no se le colocan una serie de herramientas para facilitar el acceso. La Constituci\u00f3n dice que la ley es igual para todos sin discriminaci\u00f3n y dar\u00e1 acceso a la justicia para todas las personas, pero eso no se ha hecho efectivo\u201d, expres\u00f3 la universitaria.<\/p>\n<p>Ante ello, Ramos Salcedo consider\u00f3 que las autoridades deben de avanzar en la creaci\u00f3n de gu\u00edas y protocolos para que las personas con discapacidad no tengan barreras en diversos \u00e1mbitos; por ejemplo, en el administrativo podr\u00eda haber personal capacitado y especializado para atender a quienes tienen discapacidad visual o sensorial.<\/p>\n<p>\u201cS\u00ed se requiere una serie de protocolos que el Estado implemente en cada \u00e1mbito; protocolos de actuaci\u00f3n y, sobre todo, una gu\u00eda de principios para que los responsables sepan entender y sensibilizase ante la discapacidad, saber en qu\u00e9 casos estamos en presencia de una persona con capacidad disminuida. \u00c9se ser\u00eda el quehacer del Estado, porque no basta con tenerles rampas o darles un espacio en el cami\u00f3n, sino que se requiere de una efectiva pol\u00edtica p\u00fablica para facilitar el acceso al ejercicio de sus derechos\u201d, concluy\u00f3.<\/p>\n<p>Los resultados de la investigaci\u00f3n ser\u00e1n publicados en breve en la revista de la Comisi\u00f3n Estatal de Derechos Humanos de Jalisco.<\/p>\n<\/div>\n<\/div>\n<\/div>\n","protected":false},"excerpt":{"rendered":"<p>Especialista del CUCSH propone la creaci\u00f3n de gu\u00edas y protocolos para permitir que esta poblaci\u00f3n<\/p>\n","protected":false},"author":1,"featured_media":17468,"comment_status":"open","ping_status":"closed","sticky":false,"template":"","format":"standard","meta":{"footnotes":""},"categories":[4],"tags":[],"class_list":["post-17466","post","type-post","status-publish","format-standard","has-post-thumbnail","hentry","category-nacional"],"yoast_head":"<!-- This site is optimized with the Yoast SEO plugin v27.4 - https:\/\/yoast.com\/product\/yoast-seo-wordpress\/ -->\n<title>M\u00e9xico, sin pol\u00edtica efectiva para garantizar equidad a las personas con discapacidad - Campeche Noticias<\/title>\n<meta name=\"robots\" content=\"index, follow, max-snippet:-1, max-image-preview:large, max-video-preview:-1\" \/>\n<link rel=\"canonical\" href=\"https:\/\/campeche-noticias.com\/?p=17466\" \/>\n<meta property=\"og:locale\" content=\"es_ES\" \/>\n<meta property=\"og:type\" content=\"article\" \/>\n<meta property=\"og:title\" content=\"M\u00e9xico, sin pol\u00edtica efectiva para garantizar equidad a las personas con discapacidad - Campeche Noticias\" \/>\n<meta property=\"og:description\" content=\"Especialista del CUCSH propone la creaci\u00f3n de gu\u00edas y protocolos para permitir que esta poblaci\u00f3n\" \/>\n<meta property=\"og:url\" content=\"https:\/\/campeche-noticias.com\/?p=17466\" \/>\n<meta property=\"og:site_name\" content=\"Campeche Noticias\" \/>\n<meta property=\"article:published_time\" content=\"2023-08-03T20:23:09+00:00\" \/>\n<meta property=\"article:modified_time\" content=\"2023-08-03T20:23:11+00:00\" \/>\n<meta name=\"author\" content=\"admin\" \/>\n<meta name=\"twitter:card\" content=\"summary_large_image\" \/>\n<meta name=\"twitter:label1\" content=\"Escrito por\" \/>\n\t<meta name=\"twitter:data1\" content=\"admin\" \/>\n\t<meta name=\"twitter:label2\" content=\"Tiempo de lectura\" \/>\n\t<meta name=\"twitter:data2\" content=\"3 minutos\" \/>\n<script type=\"application\/ld+json\" class=\"yoast-schema-graph\">{\"@context\":\"https:\\\/\\\/schema.org\",\"@graph\":[{\"@type\":\"Article\",\"@id\":\"https:\\\/\\\/campeche-noticias.com\\\/?p=17466#article\",\"isPartOf\":{\"@id\":\"https:\\\/\\\/campeche-noticias.com\\\/?p=17466\"},\"author\":{\"name\":\"admin\",\"@id\":\"https:\\\/\\\/campeche-noticias.com\\\/#\\\/schema\\\/person\\\/7940c228049cff34b4cc679f887362f1\"},\"headline\":\"M\u00e9xico, sin pol\u00edtica efectiva para garantizar equidad a las personas con discapacidad\",\"datePublished\":\"2023-08-03T20:23:09+00:00\",\"dateModified\":\"2023-08-03T20:23:11+00:00\",\"mainEntityOfPage\":{\"@id\":\"https:\\\/\\\/campeche-noticias.com\\\/?p=17466\"},\"wordCount\":710,\"commentCount\":0,\"image\":{\"@id\":\"https:\\\/\\\/campeche-noticias.com\\\/?p=17466#primaryimage\"},\"thumbnailUrl\":\"https:\\\/\\\/campeche-noticias.com\\\/wp-content\\\/uploads\\\/2023\\\/08\\\/WhatsApp-Image-2023-08-03-at-3.22.14-PM.jpeg\",\"articleSection\":[\"Nacional\"],\"inLanguage\":\"es\",\"potentialAction\":[{\"@type\":\"CommentAction\",\"name\":\"Comment\",\"target\":[\"https:\\\/\\\/campeche-noticias.com\\\/?p=17466#respond\"]}]},{\"@type\":\"WebPage\",\"@id\":\"https:\\\/\\\/campeche-noticias.com\\\/?p=17466\",\"url\":\"https:\\\/\\\/campeche-noticias.com\\\/?p=17466\",\"name\":\"M\u00e9xico, sin pol\u00edtica efectiva para garantizar equidad a las personas con discapacidad - Campeche Noticias\",\"isPartOf\":{\"@id\":\"https:\\\/\\\/campeche-noticias.com\\\/#website\"},\"primaryImageOfPage\":{\"@id\":\"https:\\\/\\\/campeche-noticias.com\\\/?p=17466#primaryimage\"},\"image\":{\"@id\":\"https:\\\/\\\/campeche-noticias.com\\\/?p=17466#primaryimage\"},\"thumbnailUrl\":\"https:\\\/\\\/campeche-noticias.com\\\/wp-content\\\/uploads\\\/2023\\\/08\\\/WhatsApp-Image-2023-08-03-at-3.22.14-PM.jpeg\",\"datePublished\":\"2023-08-03T20:23:09+00:00\",\"dateModified\":\"2023-08-03T20:23:11+00:00\",\"author\":{\"@id\":\"https:\\\/\\\/campeche-noticias.com\\\/#\\\/schema\\\/person\\\/7940c228049cff34b4cc679f887362f1\"},\"breadcrumb\":{\"@id\":\"https:\\\/\\\/campeche-noticias.com\\\/?p=17466#breadcrumb\"},\"inLanguage\":\"es\",\"potentialAction\":[{\"@type\":\"ReadAction\",\"target\":[\"https:\\\/\\\/campeche-noticias.com\\\/?p=17466\"]}]},{\"@type\":\"ImageObject\",\"inLanguage\":\"es\",\"@id\":\"https:\\\/\\\/campeche-noticias.com\\\/?p=17466#primaryimage\",\"url\":\"https:\\\/\\\/campeche-noticias.com\\\/wp-content\\\/uploads\\\/2023\\\/08\\\/WhatsApp-Image-2023-08-03-at-3.22.14-PM.jpeg\",\"contentUrl\":\"https:\\\/\\\/campeche-noticias.com\\\/wp-content\\\/uploads\\\/2023\\\/08\\\/WhatsApp-Image-2023-08-03-at-3.22.14-PM.jpeg\",\"width\":801,\"height\":499},{\"@type\":\"BreadcrumbList\",\"@id\":\"https:\\\/\\\/campeche-noticias.com\\\/?p=17466#breadcrumb\",\"itemListElement\":[{\"@type\":\"ListItem\",\"position\":1,\"name\":\"Portada\",\"item\":\"https:\\\/\\\/campeche-noticias.com\\\/\"},{\"@type\":\"ListItem\",\"position\":2,\"name\":\"M\u00e9xico, sin pol\u00edtica efectiva para garantizar equidad a las personas con discapacidad\"}]},{\"@type\":\"WebSite\",\"@id\":\"https:\\\/\\\/campeche-noticias.com\\\/#website\",\"url\":\"https:\\\/\\\/campeche-noticias.com\\\/\",\"name\":\"Campeche Noticias\",\"description\":\"Campeche Noticias\",\"potentialAction\":[{\"@type\":\"SearchAction\",\"target\":{\"@type\":\"EntryPoint\",\"urlTemplate\":\"https:\\\/\\\/campeche-noticias.com\\\/?s={search_term_string}\"},\"query-input\":{\"@type\":\"PropertyValueSpecification\",\"valueRequired\":true,\"valueName\":\"search_term_string\"}}],\"inLanguage\":\"es\"},{\"@type\":\"Person\",\"@id\":\"https:\\\/\\\/campeche-noticias.com\\\/#\\\/schema\\\/person\\\/7940c228049cff34b4cc679f887362f1\",\"name\":\"admin\",\"sameAs\":[\"https:\\\/\\\/campeche-noticias.com\"],\"url\":\"https:\\\/\\\/campeche-noticias.com\\\/?author=1\"}]}<\/script>\n<!-- \/ Yoast SEO plugin. -->","yoast_head_json":{"title":"M\u00e9xico, sin pol\u00edtica efectiva para garantizar equidad a las personas con discapacidad - Campeche Noticias","robots":{"index":"index","follow":"follow","max-snippet":"max-snippet:-1","max-image-preview":"max-image-preview:large","max-video-preview":"max-video-preview:-1"},"canonical":"https:\/\/campeche-noticias.com\/?p=17466","og_locale":"es_ES","og_type":"article","og_title":"M\u00e9xico, sin pol\u00edtica efectiva para garantizar equidad a las personas con discapacidad - Campeche Noticias","og_description":"Especialista del CUCSH propone la creaci\u00f3n de gu\u00edas y protocolos para permitir que esta poblaci\u00f3n","og_url":"https:\/\/campeche-noticias.com\/?p=17466","og_site_name":"Campeche Noticias","article_published_time":"2023-08-03T20:23:09+00:00","article_modified_time":"2023-08-03T20:23:11+00:00","author":"admin","twitter_card":"summary_large_image","twitter_misc":{"Escrito por":"admin","Tiempo de lectura":"3 minutos"},"schema":{"@context":"https:\/\/schema.org","@graph":[{"@type":"Article","@id":"https:\/\/campeche-noticias.com\/?p=17466#article","isPartOf":{"@id":"https:\/\/campeche-noticias.com\/?p=17466"},"author":{"name":"admin","@id":"https:\/\/campeche-noticias.com\/#\/schema\/person\/7940c228049cff34b4cc679f887362f1"},"headline":"M\u00e9xico, sin pol\u00edtica efectiva para garantizar equidad a las personas con discapacidad","datePublished":"2023-08-03T20:23:09+00:00","dateModified":"2023-08-03T20:23:11+00:00","mainEntityOfPage":{"@id":"https:\/\/campeche-noticias.com\/?p=17466"},"wordCount":710,"commentCount":0,"image":{"@id":"https:\/\/campeche-noticias.com\/?p=17466#primaryimage"},"thumbnailUrl":"https:\/\/campeche-noticias.com\/wp-content\/uploads\/2023\/08\/WhatsApp-Image-2023-08-03-at-3.22.14-PM.jpeg","articleSection":["Nacional"],"inLanguage":"es","potentialAction":[{"@type":"CommentAction","name":"Comment","target":["https:\/\/campeche-noticias.com\/?p=17466#respond"]}]},{"@type":"WebPage","@id":"https:\/\/campeche-noticias.com\/?p=17466","url":"https:\/\/campeche-noticias.com\/?p=17466","name":"M\u00e9xico, sin pol\u00edtica efectiva para garantizar equidad a las personas con discapacidad - Campeche Noticias","isPartOf":{"@id":"https:\/\/campeche-noticias.com\/#website"},"primaryImageOfPage":{"@id":"https:\/\/campeche-noticias.com\/?p=17466#primaryimage"},"image":{"@id":"https:\/\/campeche-noticias.com\/?p=17466#primaryimage"},"thumbnailUrl":"https:\/\/campeche-noticias.com\/wp-content\/uploads\/2023\/08\/WhatsApp-Image-2023-08-03-at-3.22.14-PM.jpeg","datePublished":"2023-08-03T20:23:09+00:00","dateModified":"2023-08-03T20:23:11+00:00","author":{"@id":"https:\/\/campeche-noticias.com\/#\/schema\/person\/7940c228049cff34b4cc679f887362f1"},"breadcrumb":{"@id":"https:\/\/campeche-noticias.com\/?p=17466#breadcrumb"},"inLanguage":"es","potentialAction":[{"@type":"ReadAction","target":["https:\/\/campeche-noticias.com\/?p=17466"]}]},{"@type":"ImageObject","inLanguage":"es","@id":"https:\/\/campeche-noticias.com\/?p=17466#primaryimage","url":"https:\/\/campeche-noticias.com\/wp-content\/uploads\/2023\/08\/WhatsApp-Image-2023-08-03-at-3.22.14-PM.jpeg","contentUrl":"https:\/\/campeche-noticias.com\/wp-content\/uploads\/2023\/08\/WhatsApp-Image-2023-08-03-at-3.22.14-PM.jpeg","width":801,"height":499},{"@type":"BreadcrumbList","@id":"https:\/\/campeche-noticias.com\/?p=17466#breadcrumb","itemListElement":[{"@type":"ListItem","position":1,"name":"Portada","item":"https:\/\/campeche-noticias.com\/"},{"@type":"ListItem","position":2,"name":"M\u00e9xico, sin pol\u00edtica efectiva para garantizar equidad a las personas con discapacidad"}]},{"@type":"WebSite","@id":"https:\/\/campeche-noticias.com\/#website","url":"https:\/\/campeche-noticias.com\/","name":"Campeche Noticias","description":"Campeche Noticias","potentialAction":[{"@type":"SearchAction","target":{"@type":"EntryPoint","urlTemplate":"https:\/\/campeche-noticias.com\/?s={search_term_string}"},"query-input":{"@type":"PropertyValueSpecification","valueRequired":true,"valueName":"search_term_string"}}],"inLanguage":"es"},{"@type":"Person","@id":"https:\/\/campeche-noticias.com\/#\/schema\/person\/7940c228049cff34b4cc679f887362f1","name":"admin","sameAs":["https:\/\/campeche-noticias.com"],"url":"https:\/\/campeche-noticias.com\/?author=1"}]}},"_links":{"self":[{"href":"https:\/\/campeche-noticias.com\/index.php?rest_route=\/wp\/v2\/posts\/17466","targetHints":{"allow":["GET"]}}],"collection":[{"href":"https:\/\/campeche-noticias.com\/index.php?rest_route=\/wp\/v2\/posts"}],"about":[{"href":"https:\/\/campeche-noticias.com\/index.php?rest_route=\/wp\/v2\/types\/post"}],"author":[{"embeddable":true,"href":"https:\/\/campeche-noticias.com\/index.php?rest_route=\/wp\/v2\/users\/1"}],"replies":[{"embeddable":true,"href":"https:\/\/campeche-noticias.com\/index.php?rest_route=%2Fwp%2Fv2%2Fcomments&post=17466"}],"version-history":[{"count":1,"href":"https:\/\/campeche-noticias.com\/index.php?rest_route=\/wp\/v2\/posts\/17466\/revisions"}],"predecessor-version":[{"id":17467,"href":"https:\/\/campeche-noticias.com\/index.php?rest_route=\/wp\/v2\/posts\/17466\/revisions\/17467"}],"wp:featuredmedia":[{"embeddable":true,"href":"https:\/\/campeche-noticias.com\/index.php?rest_route=\/wp\/v2\/media\/17468"}],"wp:attachment":[{"href":"https:\/\/campeche-noticias.com\/index.php?rest_route=%2Fwp%2Fv2%2Fmedia&parent=17466"}],"wp:term":[{"taxonomy":"category","embeddable":true,"href":"https:\/\/campeche-noticias.com\/index.php?rest_route=%2Fwp%2Fv2%2Fcategories&post=17466"},{"taxonomy":"post_tag","embeddable":true,"href":"https:\/\/campeche-noticias.com\/index.php?rest_route=%2Fwp%2Fv2%2Ftags&post=17466"}],"curies":[{"name":"wp","href":"https:\/\/api.w.org\/{rel}","templated":true}]}}