{"id":17430,"date":"2023-08-02T07:44:09","date_gmt":"2023-08-02T12:44:09","guid":{"rendered":"https:\/\/campeche-noticias.com\/?p=17430"},"modified":"2023-08-02T12:44:11","modified_gmt":"2023-08-02T12:44:11","slug":"revelador-menos-mexicanos-viajaran-en-vacaciones-por-estas-razones","status":"publish","type":"post","link":"https:\/\/campeche-noticias.com\/?p=17430","title":{"rendered":"\u00a1Revelador! Menos mexicanos viajar\u00e1n en vacaciones por estas razones"},"content":{"rendered":"<div class=\"news-excerpt\">\n<h4 style=\"text-align: center;\">Los datos fueron dados a conocer por Planning Quant en su Estudio del mexicano en vacaciones de verano 2023<\/h4>\n<\/div>\n<div class=\"clearfix\">\n<div class=\"news-line\">\n<p>\u00a1Revelador! En el verano de 2023,\u00a0<strong>saldr\u00e1n de vacaciones de verano el 49% de los mexicanos,<\/strong>\u00a0lo que representa una disminuci\u00f3n de 8 puntos porcentuales respecto al \u00edndice registrado en 2022.<\/p>\n<p>Este dato fue dado a conocer por Planning Quant en su Estudio del mexicano en\u00a0<strong>vacaciones<\/strong>\u00a0de verano 2023. Se\u00f1alan que aun cuando la cifra creci\u00f3 de 3 de 10 mexicanos que viajaron en 2020 debido a la pandemia, el n\u00famero lleg\u00f3 a 5.7 en 2022, sin embargo,\u00a0<strong>ahora ser\u00e1n menos de 5 en 2023.<\/strong><\/p>\n<h2>\u00bfPor qu\u00e9 los mexicanos no salen de vacaciones?<\/h2>\n<p>La investigaci\u00f3n indica que desde 2020 hasta 2023, ha incrementado la proporci\u00f3n de mexicanos que dicen que no salen de vacaciones\u00a0<strong>debido a la falta de dinero.<\/strong><\/p>\n<p>En 2023, los encuestados revelaron los principales motivos que les impiden salir de vacaciones. Entre las respuestas,\u00a0<strong>el 76% indicaron que no viajaron o viajar\u00e1n debido a que no tienen dinero;<\/strong>\u00a0prefieren otra temporada para salir; por falta de seguridad en los destinos tur\u00edsticos; no les gusta salir de vacaciones; o prefieren cuidarse del coronavirus. Este \u00faltimo dato ha registrado una baja considerable desde 2020, pues en aquel a\u00f1o el 64% respondi\u00f3 a esta opci\u00f3n, mientras que este s\u00f3lo fue el 4% de los encuestados.<\/p>\n<p>Otro dato considerable que ofreci\u00f3 el estudio de Planning Quant es que en 2023 el tama\u00f1o promedio del grupo y los d\u00edas que los mexicanos saldr\u00e1n de vacaciones es igual al de 2022: 4 personas, 7 d\u00edas, y que los miembros del grupo son generalmente familiares.<\/p>\n<div class=\"div-pos-7\"><\/div>\n<p><strong>El promedio de d\u00edas que los mexicanos toman de vacaciones fue de 7 d\u00edas en 2022, mientras que este a\u00f1o es de 6.7, es decir, las cifras se mantienen estables.<\/strong><\/p>\n<p>En cuanto a los acompa\u00f1antes vacacionistas para el verano, los encuestados respondieron que\u00a0<strong>viajar\u00e1n con su familia, su pareja, amigos, solos, con compa\u00f1eros de trabajo, o sus mascotas.<\/strong><\/p>\n<p>La investigaci\u00f3n de Planning Quant se realiz\u00f3 con encuestas en l\u00ednea en M\u00e9xico, a personas mayores de 18 a\u00f1os que residen en el pa\u00eds, del 12 a 19 de julio de 2023.<\/p>\n<\/div>\n<\/div>\n","protected":false},"excerpt":{"rendered":"<p>Los datos fueron dados a conocer por Planning Quant en su Estudio del mexicano en<\/p>\n","protected":false},"author":1,"featured_media":17432,"comment_status":"open","ping_status":"closed","sticky":false,"template":"","format":"standard","meta":{"footnotes":""},"categories":[4],"tags":[],"class_list":["post-17430","post","type-post","status-publish","format-standard","has-post-thumbnail","hentry","category-nacional"],"yoast_head":"<!-- This site is optimized with the Yoast SEO plugin v27.4 - https:\/\/yoast.com\/product\/yoast-seo-wordpress\/ -->\n<title>\u00a1Revelador! Menos mexicanos viajar\u00e1n en vacaciones por estas razones - Campeche Noticias<\/title>\n<meta name=\"robots\" content=\"index, follow, max-snippet:-1, max-image-preview:large, max-video-preview:-1\" \/>\n<link rel=\"canonical\" href=\"https:\/\/campeche-noticias.com\/?p=17430\" \/>\n<meta property=\"og:locale\" content=\"es_ES\" \/>\n<meta property=\"og:type\" content=\"article\" \/>\n<meta property=\"og:title\" content=\"\u00a1Revelador! Menos mexicanos viajar\u00e1n en vacaciones por estas razones - Campeche Noticias\" \/>\n<meta property=\"og:description\" content=\"Los datos fueron dados a conocer por Planning Quant en su Estudio del mexicano en\" \/>\n<meta property=\"og:url\" content=\"https:\/\/campeche-noticias.com\/?p=17430\" \/>\n<meta property=\"og:site_name\" content=\"Campeche Noticias\" \/>\n<meta property=\"article:published_time\" content=\"2023-08-02T12:44:09+00:00\" \/>\n<meta property=\"article:modified_time\" content=\"2023-08-02T12:44:11+00:00\" \/>\n<meta name=\"author\" content=\"admin\" \/>\n<meta name=\"twitter:card\" content=\"summary_large_image\" \/>\n<meta name=\"twitter:label1\" content=\"Escrito por\" \/>\n\t<meta name=\"twitter:data1\" content=\"admin\" \/>\n\t<meta name=\"twitter:label2\" content=\"Tiempo de lectura\" \/>\n\t<meta name=\"twitter:data2\" content=\"2 minutos\" \/>\n<script type=\"application\/ld+json\" class=\"yoast-schema-graph\">{\"@context\":\"https:\\\/\\\/schema.org\",\"@graph\":[{\"@type\":\"Article\",\"@id\":\"https:\\\/\\\/campeche-noticias.com\\\/?p=17430#article\",\"isPartOf\":{\"@id\":\"https:\\\/\\\/campeche-noticias.com\\\/?p=17430\"},\"author\":{\"name\":\"admin\",\"@id\":\"https:\\\/\\\/campeche-noticias.com\\\/#\\\/schema\\\/person\\\/7940c228049cff34b4cc679f887362f1\"},\"headline\":\"\u00a1Revelador! Menos mexicanos viajar\u00e1n en vacaciones por estas razones\",\"datePublished\":\"2023-08-02T12:44:09+00:00\",\"dateModified\":\"2023-08-02T12:44:11+00:00\",\"mainEntityOfPage\":{\"@id\":\"https:\\\/\\\/campeche-noticias.com\\\/?p=17430\"},\"wordCount\":367,\"commentCount\":0,\"image\":{\"@id\":\"https:\\\/\\\/campeche-noticias.com\\\/?p=17430#primaryimage\"},\"thumbnailUrl\":\"https:\\\/\\\/campeche-noticias.com\\\/wp-content\\\/uploads\\\/2023\\\/08\\\/WhatsApp-Image-2023-08-02-at-7.39.53-AM.jpeg\",\"articleSection\":[\"Nacional\"],\"inLanguage\":\"es\",\"potentialAction\":[{\"@type\":\"CommentAction\",\"name\":\"Comment\",\"target\":[\"https:\\\/\\\/campeche-noticias.com\\\/?p=17430#respond\"]}]},{\"@type\":\"WebPage\",\"@id\":\"https:\\\/\\\/campeche-noticias.com\\\/?p=17430\",\"url\":\"https:\\\/\\\/campeche-noticias.com\\\/?p=17430\",\"name\":\"\u00a1Revelador! Menos mexicanos viajar\u00e1n en vacaciones por estas razones - Campeche Noticias\",\"isPartOf\":{\"@id\":\"https:\\\/\\\/campeche-noticias.com\\\/#website\"},\"primaryImageOfPage\":{\"@id\":\"https:\\\/\\\/campeche-noticias.com\\\/?p=17430#primaryimage\"},\"image\":{\"@id\":\"https:\\\/\\\/campeche-noticias.com\\\/?p=17430#primaryimage\"},\"thumbnailUrl\":\"https:\\\/\\\/campeche-noticias.com\\\/wp-content\\\/uploads\\\/2023\\\/08\\\/WhatsApp-Image-2023-08-02-at-7.39.53-AM.jpeg\",\"datePublished\":\"2023-08-02T12:44:09+00:00\",\"dateModified\":\"2023-08-02T12:44:11+00:00\",\"author\":{\"@id\":\"https:\\\/\\\/campeche-noticias.com\\\/#\\\/schema\\\/person\\\/7940c228049cff34b4cc679f887362f1\"},\"breadcrumb\":{\"@id\":\"https:\\\/\\\/campeche-noticias.com\\\/?p=17430#breadcrumb\"},\"inLanguage\":\"es\",\"potentialAction\":[{\"@type\":\"ReadAction\",\"target\":[\"https:\\\/\\\/campeche-noticias.com\\\/?p=17430\"]}]},{\"@type\":\"ImageObject\",\"inLanguage\":\"es\",\"@id\":\"https:\\\/\\\/campeche-noticias.com\\\/?p=17430#primaryimage\",\"url\":\"https:\\\/\\\/campeche-noticias.com\\\/wp-content\\\/uploads\\\/2023\\\/08\\\/WhatsApp-Image-2023-08-02-at-7.39.53-AM.jpeg\",\"contentUrl\":\"https:\\\/\\\/campeche-noticias.com\\\/wp-content\\\/uploads\\\/2023\\\/08\\\/WhatsApp-Image-2023-08-02-at-7.39.53-AM.jpeg\",\"width\":470,\"height\":442},{\"@type\":\"BreadcrumbList\",\"@id\":\"https:\\\/\\\/campeche-noticias.com\\\/?p=17430#breadcrumb\",\"itemListElement\":[{\"@type\":\"ListItem\",\"position\":1,\"name\":\"Portada\",\"item\":\"https:\\\/\\\/campeche-noticias.com\\\/\"},{\"@type\":\"ListItem\",\"position\":2,\"name\":\"\u00a1Revelador! Menos mexicanos viajar\u00e1n en vacaciones por estas razones\"}]},{\"@type\":\"WebSite\",\"@id\":\"https:\\\/\\\/campeche-noticias.com\\\/#website\",\"url\":\"https:\\\/\\\/campeche-noticias.com\\\/\",\"name\":\"Campeche Noticias\",\"description\":\"Campeche Noticias\",\"potentialAction\":[{\"@type\":\"SearchAction\",\"target\":{\"@type\":\"EntryPoint\",\"urlTemplate\":\"https:\\\/\\\/campeche-noticias.com\\\/?s={search_term_string}\"},\"query-input\":{\"@type\":\"PropertyValueSpecification\",\"valueRequired\":true,\"valueName\":\"search_term_string\"}}],\"inLanguage\":\"es\"},{\"@type\":\"Person\",\"@id\":\"https:\\\/\\\/campeche-noticias.com\\\/#\\\/schema\\\/person\\\/7940c228049cff34b4cc679f887362f1\",\"name\":\"admin\",\"sameAs\":[\"https:\\\/\\\/campeche-noticias.com\"],\"url\":\"https:\\\/\\\/campeche-noticias.com\\\/?author=1\"}]}<\/script>\n<!-- \/ Yoast SEO plugin. -->","yoast_head_json":{"title":"\u00a1Revelador! Menos mexicanos viajar\u00e1n en vacaciones por estas razones - Campeche Noticias","robots":{"index":"index","follow":"follow","max-snippet":"max-snippet:-1","max-image-preview":"max-image-preview:large","max-video-preview":"max-video-preview:-1"},"canonical":"https:\/\/campeche-noticias.com\/?p=17430","og_locale":"es_ES","og_type":"article","og_title":"\u00a1Revelador! Menos mexicanos viajar\u00e1n en vacaciones por estas razones - Campeche Noticias","og_description":"Los datos fueron dados a conocer por Planning Quant en su Estudio del mexicano en","og_url":"https:\/\/campeche-noticias.com\/?p=17430","og_site_name":"Campeche Noticias","article_published_time":"2023-08-02T12:44:09+00:00","article_modified_time":"2023-08-02T12:44:11+00:00","author":"admin","twitter_card":"summary_large_image","twitter_misc":{"Escrito por":"admin","Tiempo de lectura":"2 minutos"},"schema":{"@context":"https:\/\/schema.org","@graph":[{"@type":"Article","@id":"https:\/\/campeche-noticias.com\/?p=17430#article","isPartOf":{"@id":"https:\/\/campeche-noticias.com\/?p=17430"},"author":{"name":"admin","@id":"https:\/\/campeche-noticias.com\/#\/schema\/person\/7940c228049cff34b4cc679f887362f1"},"headline":"\u00a1Revelador! Menos mexicanos viajar\u00e1n en vacaciones por estas razones","datePublished":"2023-08-02T12:44:09+00:00","dateModified":"2023-08-02T12:44:11+00:00","mainEntityOfPage":{"@id":"https:\/\/campeche-noticias.com\/?p=17430"},"wordCount":367,"commentCount":0,"image":{"@id":"https:\/\/campeche-noticias.com\/?p=17430#primaryimage"},"thumbnailUrl":"https:\/\/campeche-noticias.com\/wp-content\/uploads\/2023\/08\/WhatsApp-Image-2023-08-02-at-7.39.53-AM.jpeg","articleSection":["Nacional"],"inLanguage":"es","potentialAction":[{"@type":"CommentAction","name":"Comment","target":["https:\/\/campeche-noticias.com\/?p=17430#respond"]}]},{"@type":"WebPage","@id":"https:\/\/campeche-noticias.com\/?p=17430","url":"https:\/\/campeche-noticias.com\/?p=17430","name":"\u00a1Revelador! Menos mexicanos viajar\u00e1n en vacaciones por estas razones - Campeche Noticias","isPartOf":{"@id":"https:\/\/campeche-noticias.com\/#website"},"primaryImageOfPage":{"@id":"https:\/\/campeche-noticias.com\/?p=17430#primaryimage"},"image":{"@id":"https:\/\/campeche-noticias.com\/?p=17430#primaryimage"},"thumbnailUrl":"https:\/\/campeche-noticias.com\/wp-content\/uploads\/2023\/08\/WhatsApp-Image-2023-08-02-at-7.39.53-AM.jpeg","datePublished":"2023-08-02T12:44:09+00:00","dateModified":"2023-08-02T12:44:11+00:00","author":{"@id":"https:\/\/campeche-noticias.com\/#\/schema\/person\/7940c228049cff34b4cc679f887362f1"},"breadcrumb":{"@id":"https:\/\/campeche-noticias.com\/?p=17430#breadcrumb"},"inLanguage":"es","potentialAction":[{"@type":"ReadAction","target":["https:\/\/campeche-noticias.com\/?p=17430"]}]},{"@type":"ImageObject","inLanguage":"es","@id":"https:\/\/campeche-noticias.com\/?p=17430#primaryimage","url":"https:\/\/campeche-noticias.com\/wp-content\/uploads\/2023\/08\/WhatsApp-Image-2023-08-02-at-7.39.53-AM.jpeg","contentUrl":"https:\/\/campeche-noticias.com\/wp-content\/uploads\/2023\/08\/WhatsApp-Image-2023-08-02-at-7.39.53-AM.jpeg","width":470,"height":442},{"@type":"BreadcrumbList","@id":"https:\/\/campeche-noticias.com\/?p=17430#breadcrumb","itemListElement":[{"@type":"ListItem","position":1,"name":"Portada","item":"https:\/\/campeche-noticias.com\/"},{"@type":"ListItem","position":2,"name":"\u00a1Revelador! Menos mexicanos viajar\u00e1n en vacaciones por estas razones"}]},{"@type":"WebSite","@id":"https:\/\/campeche-noticias.com\/#website","url":"https:\/\/campeche-noticias.com\/","name":"Campeche Noticias","description":"Campeche Noticias","potentialAction":[{"@type":"SearchAction","target":{"@type":"EntryPoint","urlTemplate":"https:\/\/campeche-noticias.com\/?s={search_term_string}"},"query-input":{"@type":"PropertyValueSpecification","valueRequired":true,"valueName":"search_term_string"}}],"inLanguage":"es"},{"@type":"Person","@id":"https:\/\/campeche-noticias.com\/#\/schema\/person\/7940c228049cff34b4cc679f887362f1","name":"admin","sameAs":["https:\/\/campeche-noticias.com"],"url":"https:\/\/campeche-noticias.com\/?author=1"}]}},"_links":{"self":[{"href":"https:\/\/campeche-noticias.com\/index.php?rest_route=\/wp\/v2\/posts\/17430","targetHints":{"allow":["GET"]}}],"collection":[{"href":"https:\/\/campeche-noticias.com\/index.php?rest_route=\/wp\/v2\/posts"}],"about":[{"href":"https:\/\/campeche-noticias.com\/index.php?rest_route=\/wp\/v2\/types\/post"}],"author":[{"embeddable":true,"href":"https:\/\/campeche-noticias.com\/index.php?rest_route=\/wp\/v2\/users\/1"}],"replies":[{"embeddable":true,"href":"https:\/\/campeche-noticias.com\/index.php?rest_route=%2Fwp%2Fv2%2Fcomments&post=17430"}],"version-history":[{"count":1,"href":"https:\/\/campeche-noticias.com\/index.php?rest_route=\/wp\/v2\/posts\/17430\/revisions"}],"predecessor-version":[{"id":17431,"href":"https:\/\/campeche-noticias.com\/index.php?rest_route=\/wp\/v2\/posts\/17430\/revisions\/17431"}],"wp:featuredmedia":[{"embeddable":true,"href":"https:\/\/campeche-noticias.com\/index.php?rest_route=\/wp\/v2\/media\/17432"}],"wp:attachment":[{"href":"https:\/\/campeche-noticias.com\/index.php?rest_route=%2Fwp%2Fv2%2Fmedia&parent=17430"}],"wp:term":[{"taxonomy":"category","embeddable":true,"href":"https:\/\/campeche-noticias.com\/index.php?rest_route=%2Fwp%2Fv2%2Fcategories&post=17430"},{"taxonomy":"post_tag","embeddable":true,"href":"https:\/\/campeche-noticias.com\/index.php?rest_route=%2Fwp%2Fv2%2Ftags&post=17430"}],"curies":[{"name":"wp","href":"https:\/\/api.w.org\/{rel}","templated":true}]}}