{"id":17164,"date":"2023-07-19T17:53:09","date_gmt":"2023-07-19T22:53:09","guid":{"rendered":"https:\/\/campeche-noticias.com\/?p=17164"},"modified":"2023-07-19T22:53:11","modified_gmt":"2023-07-19T22:53:11","slug":"mexico-busca-una-semana-laboral-mas-equitativa-quienes-se-beneficiaran-con-la-reduccion-a-40-horas","status":"publish","type":"post","link":"https:\/\/campeche-noticias.com\/?p=17164","title":{"rendered":"M\u00e9xico busca una semana laboral m\u00e1s equitativa: \u00bfQui\u00e9nes se beneficiar\u00e1n con la reducci\u00f3n a 40 horas?"},"content":{"rendered":"<h4 class=\"d23-article-subheadline left \" style=\"text-align: center;\">La discusi\u00f3n sobre la reducci\u00f3n de la jornada laboral en M\u00e9xico ha retomado fuerza, con la posibilidad de reducir horas semanales<\/h4>\n<div class=\"d23-byline\">\n<p class=\"paragraph\" data-mrf-recirculation=\"Links inline\">La discusi\u00f3n sobre la\u00a0<b>reducci\u00f3n de la jornada laboral<\/b>\u00a0en M\u00e9xico ha retomado fuerza, con la posibilidad de pasar de 48 a 40 horas semanales. Esta medida, que ya ha sido adoptada en otros pa\u00edses de Latinoam\u00e9rica, busca mejorar la productividad y el bienestar de los trabajadores.<\/p>\n<p class=\"paragraph\" data-mrf-recirculation=\"Links inline\">Sin embargo, su implementaci\u00f3n conlleva diversos retos y costos para las empresas, especialmente en lo referente a las horas extra, vacaciones y contrataci\u00f3n de personal adicional. Por lo que los expertos y pol\u00edticos contin\u00faan analizando las implicaciones de esta propuesta y c\u00f3mo afectar\u00eda a los trabajadores en distintas industrias y sectores.<\/p>\n<h2 class=\"header d23-headline-class-h2\">Hacia la reducci\u00f3n de 40 horas laborales<\/h2>\n<div class=\"inline ad-wrapper\">\n<div class=\"dfpAd ad-inline\"><\/div>\n<\/div>\n<p class=\"paragraph\" data-mrf-recirculation=\"Links inline\">En septiembre de 2023, el Congreso de la Uni\u00f3n retomar\u00e1 la discusi\u00f3n sobre la reducci\u00f3n de la jornada laboral en M\u00e9xico, una medida que ha sido implementada en otros pa\u00edses de la regi\u00f3n con el objetivo de mejorar la calidad de vida de los trabajadores y aumentar la productividad.<\/p>\n<p class=\"paragraph\" data-mrf-recirculation=\"Links inline\">La iniciativa propone pasar de 48 a 40 horas semanales, lo que implicar\u00eda importantes cambios en la din\u00e1mica laboral y en la forma en que las empresas organizan el trabajo y otorgan prestaciones a sus empleados.<\/p>\n<h2 class=\"header d23-headline-class-h2\">El contexto y la propuesta<\/h2>\n<p class=\"paragraph\" data-mrf-recirculation=\"Links inline\">En 2022, M\u00e9xico fue el pa\u00eds donde se laboraron m\u00e1s horas al a\u00f1o dentro de la Organizaci\u00f3n para la Cooperaci\u00f3n y el Desarrollo Econ\u00f3micos (OCDE), con un promedio de dos mil 226 horas por trabajador, casi el doble del promedio global. Ante esta realidad, la propuesta de reducir la jornada laboral busca lograr una\u00a0<b>fuerza laboral m\u00e1s descansada y productiva.<\/b><\/p>\n<p class=\"paragraph\" data-mrf-recirculation=\"Links inline\">En abril de 2023, la Comisi\u00f3n de Puntos Constitucionales de la C\u00e1mara de Diputados aprob\u00f3 un proyecto para reformar la Carta Magna y establecer la jornada laboral de cinco d\u00edas de trabajo por cada dos de descanso, lo que reducir\u00eda las horas de trabajo semanales a 40.<\/p>\n<h2 class=\"header d23-headline-class-h2\">Implicaciones para los trabajadores<\/h2>\n<p class=\"paragraph\" data-mrf-recirculation=\"Links inline\">Para aquellos empleados que ya tienen dos d\u00edas libres por semana, la reducci\u00f3n de la jornada laboral no implicar\u00eda un cambio significativo en su din\u00e1mica laboral. Sin embargo, para quienes trabajan m\u00e1s de cinco d\u00edas por semana, los trabajadores deber\u00edan pagar un salario diario doble por cada d\u00eda adicional trabajado.<\/p>\n<p class=\"paragraph\" data-mrf-recirculation=\"Links inline\">En cuanto a las vacaciones, el nuevo esquema de descanso adicional modificar\u00eda la forma en que se calculan los d\u00edas de vacaciones. En lugar de los 12 d\u00edas tradicionales, los empleados podr\u00edan llegar a tener hasta 16 d\u00edas de vacaciones, lo que tambi\u00e9n podr\u00eda requerir una mayor contrataci\u00f3n de personal para cubrir las ausencias.<\/p>\n<h2 class=\"header d23-headline-class-h2\">Horas extra y contrataci\u00f3n de personal<\/h2>\n<p class=\"paragraph\" data-mrf-recirculation=\"Links inline\">Una de las principales inquietudes de los patrones es c\u00f3mo suplantar el sexto d\u00eda de trabajo en caso de ser necesario. Las horas extras trabajadas despu\u00e9s de las 40 horas semanales se considerar\u00edan como tiempo extra y deber\u00edan pagarse al 100% del salario, siempre y cuando no se excedan tres horas diarias y tres veces por semana. En caso de rebasar este l\u00edmite, se deber\u00eda cubrir con el 200% del salario percibido en el tiempo excedido.<\/p>\n<p class=\"paragraph\" data-mrf-recirculation=\"Links inline\">Esta medida podr\u00eda llevar a las empresas a reconsiderar su estructura organizacional, reasignar funciones y, en algunos casos, contratar m\u00e1s personal para cubrir las horas de trabajo adicionales.<\/p>\n<h2 class=\"header d23-headline-class-h2\">Retos y ajustes para las empresas<\/h2>\n<p class=\"paragraph\" data-mrf-recirculation=\"Links inline\">La implementaci\u00f3n de una\u00a0<b>jornada laboral de 40 horas semanales<\/b>\u00a0requerir\u00eda ajustes a los contratos individuales y colectivos, as\u00ed como una posible revisi\u00f3n de los procesos de trabajo y la productividad en las empresas. La falta de una prima sabatina en el proyecto de ley y la ausencia de un per\u00edodo de transici\u00f3n podr\u00edan plantear desaf\u00edos adicionales para las compa\u00f1\u00edas.<\/p>\n<h2 class=\"header d23-headline-class-h2\">Comparaci\u00f3n internacional<\/h2>\n<p class=\"paragraph\" data-mrf-recirculation=\"Links inline\">En caso de que la reforma se apruebe,\u00a0<b>M\u00e9xico<\/b>\u00a0se unir\u00eda a\u00a0<b>Chile, Ecuador y Trinidad y Tobago\u00a0<\/b>como las econom\u00edas con la jornada laboral m\u00e1s corta en Latinoam\u00e9rica. Aunque la norma general en la regi\u00f3n sigue siendo de 48 horas semanales, en gran parte de Europa y el norte de Asia se ha establecido la jornada laboral de 40 horas desde hace m\u00e1s de una d\u00e9cada.<\/p>\n<p class=\"paragraph\" data-mrf-recirculation=\"Links inline\">Por ello, la reducci\u00f3n de la jornada laboral en M\u00e9xico representa un cambio significativo que busca mejorar la calidad de vida de los trabajadores y aumentar la productividad en el pa\u00eds. Pero su implementaci\u00f3n conlleva diversos retos para las empresas, especialmente en lo referente a las horas extra, las vacaciones y la contrataci\u00f3n de personal adicional.<\/p>\n<p class=\"paragraph\" data-mrf-recirculation=\"Links inline\">Las empresas deber\u00e1n adaptarse y buscar soluciones para mantener su eficiencia y competitividad en un nuevo entorno laboral. La discusi\u00f3n sobre esta propuesta continuar\u00e1 en el\u00a0<b>Congreso de la Uni\u00f3n\u00a0<\/b>y ser\u00e1 clave para definir el futuro de la jornada laboral en M\u00e9xico.<\/p>\n<\/div>\n","protected":false},"excerpt":{"rendered":"<p>La discusi\u00f3n sobre la reducci\u00f3n de la jornada laboral en M\u00e9xico ha retomado fuerza, con<\/p>\n","protected":false},"author":1,"featured_media":17166,"comment_status":"open","ping_status":"closed","sticky":false,"template":"","format":"standard","meta":{"footnotes":""},"categories":[4],"tags":[],"class_list":["post-17164","post","type-post","status-publish","format-standard","has-post-thumbnail","hentry","category-nacional"],"yoast_head":"<!-- This site is optimized with the Yoast SEO plugin v27.4 - https:\/\/yoast.com\/product\/yoast-seo-wordpress\/ -->\n<title>M\u00e9xico busca una semana laboral m\u00e1s equitativa: \u00bfQui\u00e9nes se beneficiar\u00e1n con la reducci\u00f3n a 40 horas? - Campeche Noticias<\/title>\n<meta name=\"robots\" content=\"index, follow, max-snippet:-1, max-image-preview:large, max-video-preview:-1\" \/>\n<link rel=\"canonical\" href=\"https:\/\/campeche-noticias.com\/?p=17164\" \/>\n<meta property=\"og:locale\" content=\"es_ES\" \/>\n<meta property=\"og:type\" content=\"article\" \/>\n<meta property=\"og:title\" content=\"M\u00e9xico busca una semana laboral m\u00e1s equitativa: \u00bfQui\u00e9nes se beneficiar\u00e1n con la reducci\u00f3n a 40 horas? - Campeche Noticias\" \/>\n<meta property=\"og:description\" content=\"La discusi\u00f3n sobre la reducci\u00f3n de la jornada laboral en M\u00e9xico ha retomado fuerza, con\" \/>\n<meta property=\"og:url\" content=\"https:\/\/campeche-noticias.com\/?p=17164\" \/>\n<meta property=\"og:site_name\" content=\"Campeche Noticias\" \/>\n<meta property=\"article:published_time\" content=\"2023-07-19T22:53:09+00:00\" \/>\n<meta property=\"article:modified_time\" content=\"2023-07-19T22:53:11+00:00\" \/>\n<meta name=\"author\" content=\"admin\" \/>\n<meta name=\"twitter:card\" content=\"summary_large_image\" \/>\n<meta name=\"twitter:label1\" content=\"Escrito por\" \/>\n\t<meta name=\"twitter:data1\" content=\"admin\" \/>\n\t<meta name=\"twitter:label2\" content=\"Tiempo de lectura\" \/>\n\t<meta name=\"twitter:data2\" content=\"4 minutos\" \/>\n<script type=\"application\/ld+json\" class=\"yoast-schema-graph\">{\"@context\":\"https:\\\/\\\/schema.org\",\"@graph\":[{\"@type\":\"Article\",\"@id\":\"https:\\\/\\\/campeche-noticias.com\\\/?p=17164#article\",\"isPartOf\":{\"@id\":\"https:\\\/\\\/campeche-noticias.com\\\/?p=17164\"},\"author\":{\"name\":\"admin\",\"@id\":\"https:\\\/\\\/campeche-noticias.com\\\/#\\\/schema\\\/person\\\/7940c228049cff34b4cc679f887362f1\"},\"headline\":\"M\u00e9xico busca una semana laboral m\u00e1s equitativa: \u00bfQui\u00e9nes se beneficiar\u00e1n con la reducci\u00f3n a 40 horas?\",\"datePublished\":\"2023-07-19T22:53:09+00:00\",\"dateModified\":\"2023-07-19T22:53:11+00:00\",\"mainEntityOfPage\":{\"@id\":\"https:\\\/\\\/campeche-noticias.com\\\/?p=17164\"},\"wordCount\":864,\"commentCount\":0,\"image\":{\"@id\":\"https:\\\/\\\/campeche-noticias.com\\\/?p=17164#primaryimage\"},\"thumbnailUrl\":\"https:\\\/\\\/campeche-noticias.com\\\/wp-content\\\/uploads\\\/2023\\\/07\\\/WhatsApp-Image-2023-07-19-at-5.51.41-PM.jpeg\",\"articleSection\":[\"Nacional\"],\"inLanguage\":\"es\",\"potentialAction\":[{\"@type\":\"CommentAction\",\"name\":\"Comment\",\"target\":[\"https:\\\/\\\/campeche-noticias.com\\\/?p=17164#respond\"]}]},{\"@type\":\"WebPage\",\"@id\":\"https:\\\/\\\/campeche-noticias.com\\\/?p=17164\",\"url\":\"https:\\\/\\\/campeche-noticias.com\\\/?p=17164\",\"name\":\"M\u00e9xico busca una semana laboral m\u00e1s equitativa: \u00bfQui\u00e9nes se beneficiar\u00e1n con la reducci\u00f3n a 40 horas? - Campeche Noticias\",\"isPartOf\":{\"@id\":\"https:\\\/\\\/campeche-noticias.com\\\/#website\"},\"primaryImageOfPage\":{\"@id\":\"https:\\\/\\\/campeche-noticias.com\\\/?p=17164#primaryimage\"},\"image\":{\"@id\":\"https:\\\/\\\/campeche-noticias.com\\\/?p=17164#primaryimage\"},\"thumbnailUrl\":\"https:\\\/\\\/campeche-noticias.com\\\/wp-content\\\/uploads\\\/2023\\\/07\\\/WhatsApp-Image-2023-07-19-at-5.51.41-PM.jpeg\",\"datePublished\":\"2023-07-19T22:53:09+00:00\",\"dateModified\":\"2023-07-19T22:53:11+00:00\",\"author\":{\"@id\":\"https:\\\/\\\/campeche-noticias.com\\\/#\\\/schema\\\/person\\\/7940c228049cff34b4cc679f887362f1\"},\"breadcrumb\":{\"@id\":\"https:\\\/\\\/campeche-noticias.com\\\/?p=17164#breadcrumb\"},\"inLanguage\":\"es\",\"potentialAction\":[{\"@type\":\"ReadAction\",\"target\":[\"https:\\\/\\\/campeche-noticias.com\\\/?p=17164\"]}]},{\"@type\":\"ImageObject\",\"inLanguage\":\"es\",\"@id\":\"https:\\\/\\\/campeche-noticias.com\\\/?p=17164#primaryimage\",\"url\":\"https:\\\/\\\/campeche-noticias.com\\\/wp-content\\\/uploads\\\/2023\\\/07\\\/WhatsApp-Image-2023-07-19-at-5.51.41-PM.jpeg\",\"contentUrl\":\"https:\\\/\\\/campeche-noticias.com\\\/wp-content\\\/uploads\\\/2023\\\/07\\\/WhatsApp-Image-2023-07-19-at-5.51.41-PM.jpeg\",\"width\":746,\"height\":379},{\"@type\":\"BreadcrumbList\",\"@id\":\"https:\\\/\\\/campeche-noticias.com\\\/?p=17164#breadcrumb\",\"itemListElement\":[{\"@type\":\"ListItem\",\"position\":1,\"name\":\"Portada\",\"item\":\"https:\\\/\\\/campeche-noticias.com\\\/\"},{\"@type\":\"ListItem\",\"position\":2,\"name\":\"M\u00e9xico busca una semana laboral m\u00e1s equitativa: \u00bfQui\u00e9nes se beneficiar\u00e1n con la reducci\u00f3n a 40 horas?\"}]},{\"@type\":\"WebSite\",\"@id\":\"https:\\\/\\\/campeche-noticias.com\\\/#website\",\"url\":\"https:\\\/\\\/campeche-noticias.com\\\/\",\"name\":\"Campeche Noticias\",\"description\":\"Campeche Noticias\",\"potentialAction\":[{\"@type\":\"SearchAction\",\"target\":{\"@type\":\"EntryPoint\",\"urlTemplate\":\"https:\\\/\\\/campeche-noticias.com\\\/?s={search_term_string}\"},\"query-input\":{\"@type\":\"PropertyValueSpecification\",\"valueRequired\":true,\"valueName\":\"search_term_string\"}}],\"inLanguage\":\"es\"},{\"@type\":\"Person\",\"@id\":\"https:\\\/\\\/campeche-noticias.com\\\/#\\\/schema\\\/person\\\/7940c228049cff34b4cc679f887362f1\",\"name\":\"admin\",\"sameAs\":[\"https:\\\/\\\/campeche-noticias.com\"],\"url\":\"https:\\\/\\\/campeche-noticias.com\\\/?author=1\"}]}<\/script>\n<!-- \/ Yoast SEO plugin. -->","yoast_head_json":{"title":"M\u00e9xico busca una semana laboral m\u00e1s equitativa: \u00bfQui\u00e9nes se beneficiar\u00e1n con la reducci\u00f3n a 40 horas? - Campeche Noticias","robots":{"index":"index","follow":"follow","max-snippet":"max-snippet:-1","max-image-preview":"max-image-preview:large","max-video-preview":"max-video-preview:-1"},"canonical":"https:\/\/campeche-noticias.com\/?p=17164","og_locale":"es_ES","og_type":"article","og_title":"M\u00e9xico busca una semana laboral m\u00e1s equitativa: \u00bfQui\u00e9nes se beneficiar\u00e1n con la reducci\u00f3n a 40 horas? - Campeche Noticias","og_description":"La discusi\u00f3n sobre la reducci\u00f3n de la jornada laboral en M\u00e9xico ha retomado fuerza, con","og_url":"https:\/\/campeche-noticias.com\/?p=17164","og_site_name":"Campeche Noticias","article_published_time":"2023-07-19T22:53:09+00:00","article_modified_time":"2023-07-19T22:53:11+00:00","author":"admin","twitter_card":"summary_large_image","twitter_misc":{"Escrito por":"admin","Tiempo de lectura":"4 minutos"},"schema":{"@context":"https:\/\/schema.org","@graph":[{"@type":"Article","@id":"https:\/\/campeche-noticias.com\/?p=17164#article","isPartOf":{"@id":"https:\/\/campeche-noticias.com\/?p=17164"},"author":{"name":"admin","@id":"https:\/\/campeche-noticias.com\/#\/schema\/person\/7940c228049cff34b4cc679f887362f1"},"headline":"M\u00e9xico busca una semana laboral m\u00e1s equitativa: \u00bfQui\u00e9nes se beneficiar\u00e1n con la reducci\u00f3n a 40 horas?","datePublished":"2023-07-19T22:53:09+00:00","dateModified":"2023-07-19T22:53:11+00:00","mainEntityOfPage":{"@id":"https:\/\/campeche-noticias.com\/?p=17164"},"wordCount":864,"commentCount":0,"image":{"@id":"https:\/\/campeche-noticias.com\/?p=17164#primaryimage"},"thumbnailUrl":"https:\/\/campeche-noticias.com\/wp-content\/uploads\/2023\/07\/WhatsApp-Image-2023-07-19-at-5.51.41-PM.jpeg","articleSection":["Nacional"],"inLanguage":"es","potentialAction":[{"@type":"CommentAction","name":"Comment","target":["https:\/\/campeche-noticias.com\/?p=17164#respond"]}]},{"@type":"WebPage","@id":"https:\/\/campeche-noticias.com\/?p=17164","url":"https:\/\/campeche-noticias.com\/?p=17164","name":"M\u00e9xico busca una semana laboral m\u00e1s equitativa: \u00bfQui\u00e9nes se beneficiar\u00e1n con la reducci\u00f3n a 40 horas? - Campeche Noticias","isPartOf":{"@id":"https:\/\/campeche-noticias.com\/#website"},"primaryImageOfPage":{"@id":"https:\/\/campeche-noticias.com\/?p=17164#primaryimage"},"image":{"@id":"https:\/\/campeche-noticias.com\/?p=17164#primaryimage"},"thumbnailUrl":"https:\/\/campeche-noticias.com\/wp-content\/uploads\/2023\/07\/WhatsApp-Image-2023-07-19-at-5.51.41-PM.jpeg","datePublished":"2023-07-19T22:53:09+00:00","dateModified":"2023-07-19T22:53:11+00:00","author":{"@id":"https:\/\/campeche-noticias.com\/#\/schema\/person\/7940c228049cff34b4cc679f887362f1"},"breadcrumb":{"@id":"https:\/\/campeche-noticias.com\/?p=17164#breadcrumb"},"inLanguage":"es","potentialAction":[{"@type":"ReadAction","target":["https:\/\/campeche-noticias.com\/?p=17164"]}]},{"@type":"ImageObject","inLanguage":"es","@id":"https:\/\/campeche-noticias.com\/?p=17164#primaryimage","url":"https:\/\/campeche-noticias.com\/wp-content\/uploads\/2023\/07\/WhatsApp-Image-2023-07-19-at-5.51.41-PM.jpeg","contentUrl":"https:\/\/campeche-noticias.com\/wp-content\/uploads\/2023\/07\/WhatsApp-Image-2023-07-19-at-5.51.41-PM.jpeg","width":746,"height":379},{"@type":"BreadcrumbList","@id":"https:\/\/campeche-noticias.com\/?p=17164#breadcrumb","itemListElement":[{"@type":"ListItem","position":1,"name":"Portada","item":"https:\/\/campeche-noticias.com\/"},{"@type":"ListItem","position":2,"name":"M\u00e9xico busca una semana laboral m\u00e1s equitativa: \u00bfQui\u00e9nes se beneficiar\u00e1n con la reducci\u00f3n a 40 horas?"}]},{"@type":"WebSite","@id":"https:\/\/campeche-noticias.com\/#website","url":"https:\/\/campeche-noticias.com\/","name":"Campeche Noticias","description":"Campeche Noticias","potentialAction":[{"@type":"SearchAction","target":{"@type":"EntryPoint","urlTemplate":"https:\/\/campeche-noticias.com\/?s={search_term_string}"},"query-input":{"@type":"PropertyValueSpecification","valueRequired":true,"valueName":"search_term_string"}}],"inLanguage":"es"},{"@type":"Person","@id":"https:\/\/campeche-noticias.com\/#\/schema\/person\/7940c228049cff34b4cc679f887362f1","name":"admin","sameAs":["https:\/\/campeche-noticias.com"],"url":"https:\/\/campeche-noticias.com\/?author=1"}]}},"_links":{"self":[{"href":"https:\/\/campeche-noticias.com\/index.php?rest_route=\/wp\/v2\/posts\/17164","targetHints":{"allow":["GET"]}}],"collection":[{"href":"https:\/\/campeche-noticias.com\/index.php?rest_route=\/wp\/v2\/posts"}],"about":[{"href":"https:\/\/campeche-noticias.com\/index.php?rest_route=\/wp\/v2\/types\/post"}],"author":[{"embeddable":true,"href":"https:\/\/campeche-noticias.com\/index.php?rest_route=\/wp\/v2\/users\/1"}],"replies":[{"embeddable":true,"href":"https:\/\/campeche-noticias.com\/index.php?rest_route=%2Fwp%2Fv2%2Fcomments&post=17164"}],"version-history":[{"count":1,"href":"https:\/\/campeche-noticias.com\/index.php?rest_route=\/wp\/v2\/posts\/17164\/revisions"}],"predecessor-version":[{"id":17165,"href":"https:\/\/campeche-noticias.com\/index.php?rest_route=\/wp\/v2\/posts\/17164\/revisions\/17165"}],"wp:featuredmedia":[{"embeddable":true,"href":"https:\/\/campeche-noticias.com\/index.php?rest_route=\/wp\/v2\/media\/17166"}],"wp:attachment":[{"href":"https:\/\/campeche-noticias.com\/index.php?rest_route=%2Fwp%2Fv2%2Fmedia&parent=17164"}],"wp:term":[{"taxonomy":"category","embeddable":true,"href":"https:\/\/campeche-noticias.com\/index.php?rest_route=%2Fwp%2Fv2%2Fcategories&post=17164"},{"taxonomy":"post_tag","embeddable":true,"href":"https:\/\/campeche-noticias.com\/index.php?rest_route=%2Fwp%2Fv2%2Ftags&post=17164"}],"curies":[{"name":"wp","href":"https:\/\/api.w.org\/{rel}","templated":true}]}}