{"id":17158,"date":"2023-07-19T17:02:33","date_gmt":"2023-07-19T22:02:33","guid":{"rendered":"https:\/\/campeche-noticias.com\/?p=17158"},"modified":"2023-07-19T22:02:35","modified_gmt":"2023-07-19T22:02:35","slug":"mexico-japon-el-vuelo-en-la-mira-del-gobierno-de-amlo-por-el-trafico-de-droga","status":"publish","type":"post","link":"https:\/\/campeche-noticias.com\/?p=17158","title":{"rendered":"M\u00e9xico-Jap\u00f3n, el vuelo \u2018en la mira\u2019 del Gobierno de AMLO por el tr\u00e1fico de droga"},"content":{"rendered":"<div class=\"row\">\n<div class=\"col-sm-xl-12 layout-section wrap-bottom\">\n<h4 class=\"primary-font__PrimaryFontStyles-o56yd5-0 heuGTu h4-primary sub-headline\" style=\"text-align: center;\">Los primeros d\u00edas de junio se report\u00f3 a un mexicano transportando droga a Jap\u00f3n en un vuelo de Aerom\u00e9xico<\/h4>\n<div class=\"default__StyledDiv-cj38t1-0 gCPfDm share-bar\">\n<p class=\"default__StyledText-kkhi2r-0 cGAawy body-paragraph\">El presidente\u00a0<b>Andr\u00e9s Manuel L\u00f3pez Obrador le dio el control del\u00a0<\/b><b>AICM<\/b><b>\u00a0a la\u00a0<\/b><b>Marina<\/b>\u00a0argumentando que, con ello, el crimen ya no controlar\u00e1 el trasiego de drogas en el aeropuerto m\u00e1s importante del pa\u00eds, como ocurr\u00eda en el gobierno de\u00a0<b>Felipe Calder\u00f3n<\/b>, cuando era\u00a0<b>secretario de Seguridad P\u00fablica\u00a0<\/b><b>Genaro Garc\u00eda Luna.<\/b><\/p>\n<p class=\"default__StyledText-kkhi2r-0 cGAawy body-paragraph\">Sin embargo, pese a acciones disuasivas y al endurecimiento de los controles, el tr\u00e1fico de drogas se mantiene.<\/p>\n<p class=\"default__StyledText-kkhi2r-0 cGAawy body-paragraph\"><b>En noviembre del 2022,\u00a0<\/b><b>Aerom\u00e9xico<\/b><b>\u00a0anunci\u00f3 el reinici\u00f3 de sus vuelos desde la Ciudad de M\u00e9xico a Tokio<\/b>, Jap\u00f3n, esto despu\u00e9s de tres a\u00f1os de no operarlo por diferentes motivos, entre ellos, la pandemia de Covid-19.<\/p>\n<p class=\"default__StyledText-kkhi2r-0 cGAawy body-paragraph\">En ese momento, las alarmas de la\u00a0<b>Embajada de M\u00e9xico<\/b>\u00a0en el pa\u00eds del sol naciente se encendieron pues, a partir del 25 de marzo del 2023, los dos pa\u00edses retomar\u00edan la operaci\u00f3n a\u00e9rea que por a\u00f1os ha sido uno de los caminos elegidos por\u00a0<b>el crimen organizado y los c\u00e1rteles mexicanos para enviar sustancias ilegales a la regi\u00f3n asi\u00e1tica desde M\u00e9xico.<\/b><\/p>\n<article class=\"container-fluid inline-promo border border_solid border_top color_black_1\">\n<div class=\"inline-promo-wrapper inline-promo-image\">\n<p class=\"default__StyledText-kkhi2r-0 cGAawy body-paragraph\">\u201cCon el regreso a Tokio, despu\u00e9s de casi 3 a\u00f1os, Aerom\u00e9xico celebra a\u00f1adir nuevamente a Asia a su red global de destinos, ofreciendo operaciones directas desde la Ciudad de M\u00e9xico, que permitir\u00e1n conectar con Asia v\u00eda Tokio, as\u00ed como opciones de conectividad desde M\u00e9xico hacia diferentes mercados en Am\u00e9rica\u201d, anunci\u00f3 la aerol\u00ednea mexicana.<\/p>\n<p class=\"default__StyledText-kkhi2r-0 cGAawy body-paragraph\">Unos d\u00edas antes del reinicio de la operaci\u00f3n de Aerom\u00e9xico, la Embajadora de M\u00e9xico en Jap\u00f3n,\u00a0<b>Melba Pria<\/b>, busc\u00f3 a trav\u00e9s de los canales diplom\u00e1ticos una reuni\u00f3n con el director del Aeropuerto Internacional de la Ciudad de M\u00e9xico (AICM),\u00a0<b>el\u00a0<\/b><b>vicealmirante Carlos Vel\u00e1zquez<\/b>, para advertirle de su preocupaci\u00f3n por la reanudaci\u00f3n de vuelo en el que \u201cc\u00ednicamente\u201d se trasladan sustancias ilegales desde M\u00e9xico.<\/p>\n<p class=\"default__StyledText-kkhi2r-0 cGAawy body-paragraph\">Aunque la embajadora Pr\u00eda no se pudo reunir con el director del AICM, el equipo de la diplom\u00e1tica le advirti\u00f3 al vicealmirante del problema que representa el traslado de drogas de M\u00e9xico hacia Jap\u00f3n, particularmente realizado por mexicanos que son detenidos al llegar al pa\u00eds asi\u00e1tico, pues en territorio nacional, pese a conocer del tr\u00e1fico de sustancias, no se tienen los controles necesarios para evitar que el tr\u00e1nsito de drogas contin\u00fae.<\/p>\n<p class=\"default__StyledText-kkhi2r-0 cGAawy body-paragraph\">\u201cEse vuelo era exageradamente cargado con droga antes de que lleg\u00e1ramos nosotros; la c\u00e1rcel de Tokio estaba llena de mexicanos y era un problema. Me llaman de\u00a0<b>Relaciones Exteriores<\/b>\u00a0para decirme si puedo recibir a la Embajadora de M\u00e9xico en Jap\u00f3n, pero la embajadora ya no pudo; su equipo nos extern\u00f3 que a ella le preocupa mucho que Aerom\u00e9xico recupere su vuelo porque ten\u00eda mucha droga\u201d, revel\u00f3 Vel\u00e1zquez en entrevista con\u00a0<b>El Financiero.<\/b>Cuando se cuestiona al director del AICM sobre si esta situaci\u00f3n en el vuelo entre ambos pa\u00edses contin\u00faa, acepta que persiste.<\/p>\n<p class=\"default__StyledText-kkhi2r-0 cGAawy body-paragraph\">\u201cHay (tr\u00e1fico entre M\u00e9xico y Tokio), por eso estamos endureciendo las revisiones. Nosotros ya lo hacemos, de repente hay temporadas que se carga, entonces, apretamos; el crimen organizado est\u00e1 delante de nosotros toda la vida (\u2026) nos avisaron lo de Jap\u00f3n, entonces comenzamos a hacer revisiones (en el vuelo) a Jap\u00f3n\u201d, remarca.<\/p>\n<p class=\"default__StyledText-kkhi2r-0 cGAawy body-paragraph\"><b>El \u00faltimo reporte de un mexicano transportando droga en el vuelo de Aerom\u00e9xico ocurri\u00f3 en los primeros d\u00edas de junio.<\/b><\/p>\n<p class=\"default__StyledText-kkhi2r-0 cGAawy body-paragraph\">\u201cSiempre en el vuelo de Aerom\u00e9xico, muy poco en el vuelo de ANA, y siempre mexicanos, en la gran mayor\u00eda de los casos, porque adem\u00e1s eso es lo que nos avisa la embajadora: \u00bfsabe qu\u00e9? Cay\u00f3 uno m\u00e1s\u201d, relata Vel\u00e1zquez.<\/p>\n<p class=\"default__StyledText-kkhi2r-0 cGAawy body-paragraph\">El Financiero solicit\u00f3 una entrevista con la Embajadora Pr\u00eda, no obstante, la representaci\u00f3n diplom\u00e1tica mexicana en Jap\u00f3n respondi\u00f3 que, por ser un medio nacional, tendr\u00eda que tramitar un permiso con la Secretar\u00eda de Relaciones Exteriores para realizar los comentarios respecto al tr\u00e1fico de drogas entre ambas naciones.<\/p>\n<p class=\"default__StyledText-kkhi2r-0 cGAawy body-paragraph\">No obstante, la dependencia ahora dirigida por Alicia B\u00e1rcena no otorg\u00f3 la autorizaci\u00f3n para la entrevista. Por su parte, Aerom\u00e9xico declin\u00f3 hacer comentarios. De acuerdo con\u00a0<b>cifras de la\u00a0<\/b><b>Agencia Federal de Aviaci\u00f3n Civil (AFAC)<\/b><b>,\u00a0<\/b>la aerol\u00ednea mexicana tiene el control, pues\u00a0<b>en mayo tuvo el 62 por ciento de los viajeros que se movilizan entre ambos pa\u00edses.<\/b><\/p>\n<p class=\"default__StyledText-kkhi2r-0 cGAawy body-paragraph\"><b>LA INICIATIVA M\u00c9RIDA Y SUS EQUIPOS OBSOLETOS<\/b><\/p>\n<p class=\"default__StyledText-kkhi2r-0 cGAawy body-paragraph\">Aunque las autoridades han detectado el tr\u00e1fico de drogas en esa ruta y han aumentado las revisiones con binomios caninos en las aeronaves -particularmente donde Inteligencia indica-, lo cierto es que el aeropuerto no dispone del equipo tecnol\u00f3gico suficiente para la revisi\u00f3n de los pasajeros.<\/p>\n<p class=\"default__StyledText-kkhi2r-0 cGAawy body-paragraph\"><b>Los body scans en los puntos de revisi\u00f3n son parte de una escenograf\u00eda aeroportuaria de los cuales solo 8 de 24 se encuentran en funcionamiento.<\/b>\u00a0La raz\u00f3n es que no hay ninguna empresa que d\u00e9 el mantenimiento a los equipos de escaneo, que fueron donados por\u00a0<b>Estados Unidos<\/b>\u00a0en el marco de la Iniciativa M\u00e9rida.<\/p>\n<p class=\"default__StyledText-kkhi2r-0 cGAawy body-paragraph\">\u201cNo tenemos forma de resolver, los body scans son caros; hay qui\u00e9n los renta, o hay que comprarlos; pero es otro problema pedirle prestado a Hacienda para comprarlos, eso nos va a llevar todo el a\u00f1o; vamos a rentar un body scan solo para eso y lo vamos a poner antes de entrar al avi\u00f3n\u201d, comenta el director del aeropuerto. Y es que la empresa Leidos, propietaria de Provetecnia, se ha deslindado de esta compa\u00f1\u00eda, por lo que el gobierno analiza demandar en Estados Unidos para lograr obtener algo. Vel\u00e1zquez reconoce que el Garrett, el instrumento con el que se hacen las revisiones manuales en el aeropuerto, no es eficiente.<\/p>\n<p class=\"default__StyledText-kkhi2r-0 cGAawy body-paragraph\">\u201cLo bueno es que Jap\u00f3n tiene m\u00e1s tecnolog\u00eda que nosotros, no se les pela nada\u201d, apunta el director del AICM.<\/p>\n<\/div>\n<\/article>\n<\/div>\n<\/div>\n<\/div>\n<div class=\"row\">\n<div class=\"col-sm-md-12 col-lg-xl-8 left-article-section ie-flex-100-percent-sm layout-section\"><\/div>\n<\/div>\n","protected":false},"excerpt":{"rendered":"<p>Los primeros d\u00edas de junio se report\u00f3 a un mexicano transportando droga a Jap\u00f3n en<\/p>\n","protected":false},"author":1,"featured_media":17160,"comment_status":"open","ping_status":"closed","sticky":false,"template":"","format":"standard","meta":{"footnotes":""},"categories":[4],"tags":[],"class_list":["post-17158","post","type-post","status-publish","format-standard","has-post-thumbnail","hentry","category-nacional"],"yoast_head":"<!-- This site is optimized with the Yoast SEO plugin v27.4 - https:\/\/yoast.com\/product\/yoast-seo-wordpress\/ -->\n<title>M\u00e9xico-Jap\u00f3n, el vuelo \u2018en la mira\u2019 del Gobierno de AMLO por el tr\u00e1fico de droga - Campeche Noticias<\/title>\n<meta name=\"robots\" content=\"index, follow, max-snippet:-1, max-image-preview:large, max-video-preview:-1\" \/>\n<link rel=\"canonical\" href=\"https:\/\/campeche-noticias.com\/?p=17158\" \/>\n<meta property=\"og:locale\" content=\"es_ES\" \/>\n<meta property=\"og:type\" content=\"article\" \/>\n<meta property=\"og:title\" content=\"M\u00e9xico-Jap\u00f3n, el vuelo \u2018en la mira\u2019 del Gobierno de AMLO por el tr\u00e1fico de droga - Campeche Noticias\" \/>\n<meta property=\"og:description\" content=\"Los primeros d\u00edas de junio se report\u00f3 a un mexicano transportando droga a Jap\u00f3n en\" \/>\n<meta property=\"og:url\" content=\"https:\/\/campeche-noticias.com\/?p=17158\" \/>\n<meta property=\"og:site_name\" content=\"Campeche Noticias\" \/>\n<meta property=\"article:published_time\" content=\"2023-07-19T22:02:33+00:00\" \/>\n<meta property=\"article:modified_time\" content=\"2023-07-19T22:02:35+00:00\" \/>\n<meta name=\"author\" content=\"admin\" \/>\n<meta name=\"twitter:card\" content=\"summary_large_image\" \/>\n<meta name=\"twitter:label1\" content=\"Escrito por\" \/>\n\t<meta name=\"twitter:data1\" content=\"admin\" \/>\n\t<meta name=\"twitter:label2\" content=\"Tiempo de lectura\" \/>\n\t<meta name=\"twitter:data2\" content=\"5 minutos\" \/>\n<script type=\"application\/ld+json\" class=\"yoast-schema-graph\">{\"@context\":\"https:\\\/\\\/schema.org\",\"@graph\":[{\"@type\":\"Article\",\"@id\":\"https:\\\/\\\/campeche-noticias.com\\\/?p=17158#article\",\"isPartOf\":{\"@id\":\"https:\\\/\\\/campeche-noticias.com\\\/?p=17158\"},\"author\":{\"name\":\"admin\",\"@id\":\"https:\\\/\\\/campeche-noticias.com\\\/#\\\/schema\\\/person\\\/7940c228049cff34b4cc679f887362f1\"},\"headline\":\"M\u00e9xico-Jap\u00f3n, el vuelo \u2018en la mira\u2019 del Gobierno de AMLO por el tr\u00e1fico de droga\",\"datePublished\":\"2023-07-19T22:02:33+00:00\",\"dateModified\":\"2023-07-19T22:02:35+00:00\",\"mainEntityOfPage\":{\"@id\":\"https:\\\/\\\/campeche-noticias.com\\\/?p=17158\"},\"wordCount\":1043,\"commentCount\":0,\"image\":{\"@id\":\"https:\\\/\\\/campeche-noticias.com\\\/?p=17158#primaryimage\"},\"thumbnailUrl\":\"https:\\\/\\\/campeche-noticias.com\\\/wp-content\\\/uploads\\\/2023\\\/07\\\/WhatsApp-Image-2023-07-19-at-5.00.00-PM.jpeg\",\"articleSection\":[\"Nacional\"],\"inLanguage\":\"es\",\"potentialAction\":[{\"@type\":\"CommentAction\",\"name\":\"Comment\",\"target\":[\"https:\\\/\\\/campeche-noticias.com\\\/?p=17158#respond\"]}]},{\"@type\":\"WebPage\",\"@id\":\"https:\\\/\\\/campeche-noticias.com\\\/?p=17158\",\"url\":\"https:\\\/\\\/campeche-noticias.com\\\/?p=17158\",\"name\":\"M\u00e9xico-Jap\u00f3n, el vuelo \u2018en la mira\u2019 del Gobierno de AMLO por el tr\u00e1fico de droga - Campeche Noticias\",\"isPartOf\":{\"@id\":\"https:\\\/\\\/campeche-noticias.com\\\/#website\"},\"primaryImageOfPage\":{\"@id\":\"https:\\\/\\\/campeche-noticias.com\\\/?p=17158#primaryimage\"},\"image\":{\"@id\":\"https:\\\/\\\/campeche-noticias.com\\\/?p=17158#primaryimage\"},\"thumbnailUrl\":\"https:\\\/\\\/campeche-noticias.com\\\/wp-content\\\/uploads\\\/2023\\\/07\\\/WhatsApp-Image-2023-07-19-at-5.00.00-PM.jpeg\",\"datePublished\":\"2023-07-19T22:02:33+00:00\",\"dateModified\":\"2023-07-19T22:02:35+00:00\",\"author\":{\"@id\":\"https:\\\/\\\/campeche-noticias.com\\\/#\\\/schema\\\/person\\\/7940c228049cff34b4cc679f887362f1\"},\"breadcrumb\":{\"@id\":\"https:\\\/\\\/campeche-noticias.com\\\/?p=17158#breadcrumb\"},\"inLanguage\":\"es\",\"potentialAction\":[{\"@type\":\"ReadAction\",\"target\":[\"https:\\\/\\\/campeche-noticias.com\\\/?p=17158\"]}]},{\"@type\":\"ImageObject\",\"inLanguage\":\"es\",\"@id\":\"https:\\\/\\\/campeche-noticias.com\\\/?p=17158#primaryimage\",\"url\":\"https:\\\/\\\/campeche-noticias.com\\\/wp-content\\\/uploads\\\/2023\\\/07\\\/WhatsApp-Image-2023-07-19-at-5.00.00-PM.jpeg\",\"contentUrl\":\"https:\\\/\\\/campeche-noticias.com\\\/wp-content\\\/uploads\\\/2023\\\/07\\\/WhatsApp-Image-2023-07-19-at-5.00.00-PM.jpeg\",\"width\":739,\"height\":431},{\"@type\":\"BreadcrumbList\",\"@id\":\"https:\\\/\\\/campeche-noticias.com\\\/?p=17158#breadcrumb\",\"itemListElement\":[{\"@type\":\"ListItem\",\"position\":1,\"name\":\"Portada\",\"item\":\"https:\\\/\\\/campeche-noticias.com\\\/\"},{\"@type\":\"ListItem\",\"position\":2,\"name\":\"M\u00e9xico-Jap\u00f3n, el vuelo \u2018en la mira\u2019 del Gobierno de AMLO por el tr\u00e1fico de droga\"}]},{\"@type\":\"WebSite\",\"@id\":\"https:\\\/\\\/campeche-noticias.com\\\/#website\",\"url\":\"https:\\\/\\\/campeche-noticias.com\\\/\",\"name\":\"Campeche Noticias\",\"description\":\"Campeche Noticias\",\"potentialAction\":[{\"@type\":\"SearchAction\",\"target\":{\"@type\":\"EntryPoint\",\"urlTemplate\":\"https:\\\/\\\/campeche-noticias.com\\\/?s={search_term_string}\"},\"query-input\":{\"@type\":\"PropertyValueSpecification\",\"valueRequired\":true,\"valueName\":\"search_term_string\"}}],\"inLanguage\":\"es\"},{\"@type\":\"Person\",\"@id\":\"https:\\\/\\\/campeche-noticias.com\\\/#\\\/schema\\\/person\\\/7940c228049cff34b4cc679f887362f1\",\"name\":\"admin\",\"sameAs\":[\"https:\\\/\\\/campeche-noticias.com\"],\"url\":\"https:\\\/\\\/campeche-noticias.com\\\/?author=1\"}]}<\/script>\n<!-- \/ Yoast SEO plugin. -->","yoast_head_json":{"title":"M\u00e9xico-Jap\u00f3n, el vuelo \u2018en la mira\u2019 del Gobierno de AMLO por el tr\u00e1fico de droga - Campeche Noticias","robots":{"index":"index","follow":"follow","max-snippet":"max-snippet:-1","max-image-preview":"max-image-preview:large","max-video-preview":"max-video-preview:-1"},"canonical":"https:\/\/campeche-noticias.com\/?p=17158","og_locale":"es_ES","og_type":"article","og_title":"M\u00e9xico-Jap\u00f3n, el vuelo \u2018en la mira\u2019 del Gobierno de AMLO por el tr\u00e1fico de droga - Campeche Noticias","og_description":"Los primeros d\u00edas de junio se report\u00f3 a un mexicano transportando droga a Jap\u00f3n en","og_url":"https:\/\/campeche-noticias.com\/?p=17158","og_site_name":"Campeche Noticias","article_published_time":"2023-07-19T22:02:33+00:00","article_modified_time":"2023-07-19T22:02:35+00:00","author":"admin","twitter_card":"summary_large_image","twitter_misc":{"Escrito por":"admin","Tiempo de lectura":"5 minutos"},"schema":{"@context":"https:\/\/schema.org","@graph":[{"@type":"Article","@id":"https:\/\/campeche-noticias.com\/?p=17158#article","isPartOf":{"@id":"https:\/\/campeche-noticias.com\/?p=17158"},"author":{"name":"admin","@id":"https:\/\/campeche-noticias.com\/#\/schema\/person\/7940c228049cff34b4cc679f887362f1"},"headline":"M\u00e9xico-Jap\u00f3n, el vuelo \u2018en la mira\u2019 del Gobierno de AMLO por el tr\u00e1fico de droga","datePublished":"2023-07-19T22:02:33+00:00","dateModified":"2023-07-19T22:02:35+00:00","mainEntityOfPage":{"@id":"https:\/\/campeche-noticias.com\/?p=17158"},"wordCount":1043,"commentCount":0,"image":{"@id":"https:\/\/campeche-noticias.com\/?p=17158#primaryimage"},"thumbnailUrl":"https:\/\/campeche-noticias.com\/wp-content\/uploads\/2023\/07\/WhatsApp-Image-2023-07-19-at-5.00.00-PM.jpeg","articleSection":["Nacional"],"inLanguage":"es","potentialAction":[{"@type":"CommentAction","name":"Comment","target":["https:\/\/campeche-noticias.com\/?p=17158#respond"]}]},{"@type":"WebPage","@id":"https:\/\/campeche-noticias.com\/?p=17158","url":"https:\/\/campeche-noticias.com\/?p=17158","name":"M\u00e9xico-Jap\u00f3n, el vuelo \u2018en la mira\u2019 del Gobierno de AMLO por el tr\u00e1fico de droga - Campeche Noticias","isPartOf":{"@id":"https:\/\/campeche-noticias.com\/#website"},"primaryImageOfPage":{"@id":"https:\/\/campeche-noticias.com\/?p=17158#primaryimage"},"image":{"@id":"https:\/\/campeche-noticias.com\/?p=17158#primaryimage"},"thumbnailUrl":"https:\/\/campeche-noticias.com\/wp-content\/uploads\/2023\/07\/WhatsApp-Image-2023-07-19-at-5.00.00-PM.jpeg","datePublished":"2023-07-19T22:02:33+00:00","dateModified":"2023-07-19T22:02:35+00:00","author":{"@id":"https:\/\/campeche-noticias.com\/#\/schema\/person\/7940c228049cff34b4cc679f887362f1"},"breadcrumb":{"@id":"https:\/\/campeche-noticias.com\/?p=17158#breadcrumb"},"inLanguage":"es","potentialAction":[{"@type":"ReadAction","target":["https:\/\/campeche-noticias.com\/?p=17158"]}]},{"@type":"ImageObject","inLanguage":"es","@id":"https:\/\/campeche-noticias.com\/?p=17158#primaryimage","url":"https:\/\/campeche-noticias.com\/wp-content\/uploads\/2023\/07\/WhatsApp-Image-2023-07-19-at-5.00.00-PM.jpeg","contentUrl":"https:\/\/campeche-noticias.com\/wp-content\/uploads\/2023\/07\/WhatsApp-Image-2023-07-19-at-5.00.00-PM.jpeg","width":739,"height":431},{"@type":"BreadcrumbList","@id":"https:\/\/campeche-noticias.com\/?p=17158#breadcrumb","itemListElement":[{"@type":"ListItem","position":1,"name":"Portada","item":"https:\/\/campeche-noticias.com\/"},{"@type":"ListItem","position":2,"name":"M\u00e9xico-Jap\u00f3n, el vuelo \u2018en la mira\u2019 del Gobierno de AMLO por el tr\u00e1fico de droga"}]},{"@type":"WebSite","@id":"https:\/\/campeche-noticias.com\/#website","url":"https:\/\/campeche-noticias.com\/","name":"Campeche Noticias","description":"Campeche Noticias","potentialAction":[{"@type":"SearchAction","target":{"@type":"EntryPoint","urlTemplate":"https:\/\/campeche-noticias.com\/?s={search_term_string}"},"query-input":{"@type":"PropertyValueSpecification","valueRequired":true,"valueName":"search_term_string"}}],"inLanguage":"es"},{"@type":"Person","@id":"https:\/\/campeche-noticias.com\/#\/schema\/person\/7940c228049cff34b4cc679f887362f1","name":"admin","sameAs":["https:\/\/campeche-noticias.com"],"url":"https:\/\/campeche-noticias.com\/?author=1"}]}},"_links":{"self":[{"href":"https:\/\/campeche-noticias.com\/index.php?rest_route=\/wp\/v2\/posts\/17158","targetHints":{"allow":["GET"]}}],"collection":[{"href":"https:\/\/campeche-noticias.com\/index.php?rest_route=\/wp\/v2\/posts"}],"about":[{"href":"https:\/\/campeche-noticias.com\/index.php?rest_route=\/wp\/v2\/types\/post"}],"author":[{"embeddable":true,"href":"https:\/\/campeche-noticias.com\/index.php?rest_route=\/wp\/v2\/users\/1"}],"replies":[{"embeddable":true,"href":"https:\/\/campeche-noticias.com\/index.php?rest_route=%2Fwp%2Fv2%2Fcomments&post=17158"}],"version-history":[{"count":1,"href":"https:\/\/campeche-noticias.com\/index.php?rest_route=\/wp\/v2\/posts\/17158\/revisions"}],"predecessor-version":[{"id":17159,"href":"https:\/\/campeche-noticias.com\/index.php?rest_route=\/wp\/v2\/posts\/17158\/revisions\/17159"}],"wp:featuredmedia":[{"embeddable":true,"href":"https:\/\/campeche-noticias.com\/index.php?rest_route=\/wp\/v2\/media\/17160"}],"wp:attachment":[{"href":"https:\/\/campeche-noticias.com\/index.php?rest_route=%2Fwp%2Fv2%2Fmedia&parent=17158"}],"wp:term":[{"taxonomy":"category","embeddable":true,"href":"https:\/\/campeche-noticias.com\/index.php?rest_route=%2Fwp%2Fv2%2Fcategories&post=17158"},{"taxonomy":"post_tag","embeddable":true,"href":"https:\/\/campeche-noticias.com\/index.php?rest_route=%2Fwp%2Fv2%2Ftags&post=17158"}],"curies":[{"name":"wp","href":"https:\/\/api.w.org\/{rel}","templated":true}]}}